{"id":13062,"date":"2023-10-04T09:38:19","date_gmt":"2023-10-04T09:38:19","guid":{"rendered":"https:\/\/www.autojm.fr\/blog\/?p=13062"},"modified":"2024-03-18T14:46:28","modified_gmt":"2024-03-18T14:46:28","slug":"peugeot-e-208-vs-dacia-spring-le-match-des-citadines-electriques","status":"publish","type":"post","link":"https:\/\/www.autojm.fr\/blog\/peugeot-e-208-vs-dacia-spring-le-match-des-citadines-electriques\/","title":{"rendered":"Peugeot e-208 vs Dacia Spring : le match des citadines \u00e9lectriques\u00a0"},"content":{"rendered":"","protected":false},"excerpt":{"rendered":"<p>L\u2019une est fran\u00e7aise et assembl\u00e9e dans les usines espagnoles de Saragosse, l\u2019autre est roumaine et fabriqu\u00e9e en Chine. Les citadines Peugeot e-208 et Dacia Spring ont n\u00e9anmoins un point commun en \u00e9tant toutes deux \u00e9quip\u00e9es d\u2019une motorisation \u00e9lectrique. Respectivement troisi\u00e8me et second au classement des v\u00e9hicules \u00e9lectriques les plus vendus en France en 2023, les deux mod\u00e8les entendent combler leur retard sur la Tesla Model Y qui domine le march\u00e9. Passage en revue des caract\u00e9ristiques de la Peugeot e-208 et de la Dacia Spring en termes de design, de performances et de positionnement tarifaire. <\/p>\n","protected":false},"author":6,"featured_media":13064,"comment_status":"open","ping_status":"open","sticky":false,"template":"","format":"standard","meta":{"_acf_changed":false,"content-type":"","footnotes":""},"categories":[53],"tags":[88,336,333,314,91,103,318,90,301,188,87,85,331,92,74,105,111,94,110,109,98,207,259,106,83,80,108,73,78,193,214,169,96],"class_list":["post-13062","post","type-post","status-publish","format-standard","has-post-thumbnail","hentry","category-comparatifs","tag-88","tag-336","tag-333","tag-314","tag-arkana","tag-audi","tag-austral","tag-autojm","tag-c3","tag-c5-aircross","tag-captur","tag-citroen-2","tag-clio","tag-clio-5","tag-dacia","tag-ds","tag-ds7","tag-duster","tag-fiat","tag-ford","tag-formentor","tag-golf-8","tag-hyundai","tag-kia","tag-leon-5-portes","tag-leon-sportstourer","tag-nissan","tag-peugeot","tag-renault","tag-skoda","tag-tiguan","tag-toyota","tag-volkswagen"],"acf":[],"yoast_head":"<!-- This site is optimized with the Yoast SEO plugin v27.5 - https:\/\/yoast.com\/product\/yoast-seo-wordpress\/ -->\n<title>Peugeot e-208 vs Dacia Spring : le match des citadines \u00e9lectriques\u00a0 - AutoJM Mag<\/title>\n<meta name=\"description\" content=\"L\u2019une est fran\u00e7aise et assembl\u00e9e dans les usines espagnoles de Saragosse, l\u2019autre est roumaine et fabriqu\u00e9e en Chine. Les citadines...\" \/>\n<meta name=\"robots\" content=\"index, follow, max-snippet:-1, max-image-preview:large, max-video-preview:-1\" \/>\n<link rel=\"canonical\" href=\"https:\/\/www.autojm.fr\/blog\/peugeot-e-208-vs-dacia-spring-le-match-des-citadines-electriques\/\" \/>\n<meta property=\"og:locale\" content=\"fr_FR\" \/>\n<meta property=\"og:type\" content=\"article\" \/>\n<meta property=\"og:title\" content=\"Peugeot e-208 vs Dacia Spring : le match des citadines \u00e9lectriques\u00a0 - AutoJM Mag\" \/>\n<meta property=\"og:description\" content=\"L\u2019une est fran\u00e7aise et assembl\u00e9e dans les usines espagnoles de Saragosse, l\u2019autre est roumaine et fabriqu\u00e9e en Chine. Les citadines...\" \/>\n<meta property=\"og:url\" content=\"https:\/\/www.autojm.fr\/blog\/peugeot-e-208-vs-dacia-spring-le-match-des-citadines-electriques\/\" \/>\n<meta property=\"og:site_name\" content=\"AutoJM Mag\" \/>\n<meta property=\"article:publisher\" content=\"https:\/\/www.facebook.com\/AutoJM25\" \/>\n<meta property=\"article:published_time\" content=\"2023-10-04T09:38:19+00:00\" \/>\n<meta property=\"article:modified_time\" content=\"2024-03-18T14:46:28+00:00\" \/>\n<meta property=\"og:image\" content=\"https:\/\/www.autojm.fr\/blog\/wp-content\/uploads\/2023\/10\/Peugeot-e-208-vs-Dacia-Spring.jpg\" \/>\n\t<meta property=\"og:image:width\" content=\"1000\" \/>\n\t<meta property=\"og:image:height\" content=\"500\" \/>\n\t<meta property=\"og:image:type\" content=\"image\/jpeg\" \/>\n<meta name=\"author\" content=\"Justine Tripard\" \/>\n<meta name=\"twitter:card\" content=\"summary_large_image\" \/>\n<meta name=\"twitter:label1\" content=\"\u00c9crit par\" \/>\n\t<meta name=\"twitter:data1\" content=\"Justine Tripard\" \/>\n\t<meta name=\"twitter:label2\" content=\"Dur\u00e9e de lecture estim\u00e9e\" \/>\n\t<meta name=\"twitter:data2\" content=\"6 minutes\" \/>\n<script type=\"application\/ld+json\" class=\"yoast-schema-graph\">{\"@context\":\"https:\\\/\\\/schema.org\",\"@graph\":[{\"@type\":\"Article\",\"@id\":\"https:\\\/\\\/www.autojm.fr\\\/blog\\\/peugeot-e-208-vs-dacia-spring-le-match-des-citadines-electriques\\\/#article\",\"isPartOf\":{\"@id\":\"https:\\\/\\\/www.autojm.fr\\\/blog\\\/peugeot-e-208-vs-dacia-spring-le-match-des-citadines-electriques\\\/\"},\"author\":{\"name\":\"Justine Tripard\",\"@id\":\"https:\\\/\\\/www.autojm.fr\\\/blog\\\/#\\\/schema\\\/person\\\/1cc83a91548d88a62eb8cf06f562a72c\"},\"headline\":\"Peugeot e-208 vs Dacia Spring : le match des citadines \u00e9lectriques\u00a0\",\"datePublished\":\"2023-10-04T09:38:19+00:00\",\"dateModified\":\"2024-03-18T14:46:28+00:00\",\"mainEntityOfPage\":{\"@id\":\"https:\\\/\\\/www.autojm.fr\\\/blog\\\/peugeot-e-208-vs-dacia-spring-le-match-des-citadines-electriques\\\/\"},\"wordCount\":10,\"commentCount\":0,\"publisher\":{\"@id\":\"https:\\\/\\\/www.autojm.fr\\\/blog\\\/#organization\"},\"image\":{\"@id\":\"https:\\\/\\\/www.autojm.fr\\\/blog\\\/peugeot-e-208-vs-dacia-spring-le-match-des-citadines-electriques\\\/#primaryimage\"},\"thumbnailUrl\":\"https:\\\/\\\/www.autojm.fr\\\/blog\\\/wp-content\\\/uploads\\\/2023\\\/10\\\/Peugeot-e-208-vs-Dacia-Spring.jpg\",\"keywords\":[\"208\",\"3008\",\"308\",\"408\",\"arkana\",\"Audi\",\"Austral\",\"autojm\",\"C3\",\"C5 Aircross\",\"captur\",\"Citro\u00ebn\",\"Clio\",\"Clio 5\",\"dacia\",\"DS\",\"DS7\",\"duster\",\"Fiat\",\"Ford\",\"formentor\",\"Golf 8\",\"Hyundai\",\"Kia\",\"leon 5 portes\",\"leon sportstourer\",\"Nissan\",\"peugeot\",\"renault\",\"Skoda\",\"Tiguan\",\"Toyota\",\"Volkswagen\"],\"articleSection\":[\"Comparatifs\"],\"inLanguage\":\"fr-FR\",\"potentialAction\":[{\"@type\":\"CommentAction\",\"name\":\"Comment\",\"target\":[\"https:\\\/\\\/www.autojm.fr\\\/blog\\\/peugeot-e-208-vs-dacia-spring-le-match-des-citadines-electriques\\\/#respond\"]}]},{\"@type\":\"WebPage\",\"@id\":\"https:\\\/\\\/www.autojm.fr\\\/blog\\\/peugeot-e-208-vs-dacia-spring-le-match-des-citadines-electriques\\\/\",\"url\":\"https:\\\/\\\/www.autojm.fr\\\/blog\\\/peugeot-e-208-vs-dacia-spring-le-match-des-citadines-electriques\\\/\",\"name\":\"Peugeot e-208 vs Dacia Spring : le match des citadines \u00e9lectriques\u00a0 - AutoJM Mag\",\"isPartOf\":{\"@id\":\"https:\\\/\\\/www.autojm.fr\\\/blog\\\/#website\"},\"primaryImageOfPage\":{\"@id\":\"https:\\\/\\\/www.autojm.fr\\\/blog\\\/peugeot-e-208-vs-dacia-spring-le-match-des-citadines-electriques\\\/#primaryimage\"},\"image\":{\"@id\":\"https:\\\/\\\/www.autojm.fr\\\/blog\\\/peugeot-e-208-vs-dacia-spring-le-match-des-citadines-electriques\\\/#primaryimage\"},\"thumbnailUrl\":\"https:\\\/\\\/www.autojm.fr\\\/blog\\\/wp-content\\\/uploads\\\/2023\\\/10\\\/Peugeot-e-208-vs-Dacia-Spring.jpg\",\"datePublished\":\"2023-10-04T09:38:19+00:00\",\"dateModified\":\"2024-03-18T14:46:28+00:00\",\"description\":\"L\u2019une est fran\u00e7aise et assembl\u00e9e dans les usines espagnoles de Saragosse, l\u2019autre est roumaine et fabriqu\u00e9e en Chine. Les citadines...\",\"breadcrumb\":{\"@id\":\"https:\\\/\\\/www.autojm.fr\\\/blog\\\/peugeot-e-208-vs-dacia-spring-le-match-des-citadines-electriques\\\/#breadcrumb\"},\"inLanguage\":\"fr-FR\",\"potentialAction\":[{\"@type\":\"ReadAction\",\"target\":[\"https:\\\/\\\/www.autojm.fr\\\/blog\\\/peugeot-e-208-vs-dacia-spring-le-match-des-citadines-electriques\\\/\"]}]},{\"@type\":\"ImageObject\",\"inLanguage\":\"fr-FR\",\"@id\":\"https:\\\/\\\/www.autojm.fr\\\/blog\\\/peugeot-e-208-vs-dacia-spring-le-match-des-citadines-electriques\\\/#primaryimage\",\"url\":\"https:\\\/\\\/www.autojm.fr\\\/blog\\\/wp-content\\\/uploads\\\/2023\\\/10\\\/Peugeot-e-208-vs-Dacia-Spring.jpg\",\"contentUrl\":\"https:\\\/\\\/www.autojm.fr\\\/blog\\\/wp-content\\\/uploads\\\/2023\\\/10\\\/Peugeot-e-208-vs-Dacia-Spring.jpg\",\"width\":1000,\"height\":500,\"caption\":\"Peugeot e-208 vs Dacia Spring\"},{\"@type\":\"BreadcrumbList\",\"@id\":\"https:\\\/\\\/www.autojm.fr\\\/blog\\\/peugeot-e-208-vs-dacia-spring-le-match-des-citadines-electriques\\\/#breadcrumb\",\"itemListElement\":[{\"@type\":\"ListItem\",\"position\":1,\"name\":\"Accueil\",\"item\":\"https:\\\/\\\/www.autojm.fr\\\/blog\\\/\"},{\"@type\":\"ListItem\",\"position\":2,\"name\":\"Comparatifs\",\"item\":\"https:\\\/\\\/www.autojm.fr\\\/blog\\\/comparatifs\\\/\"},{\"@type\":\"ListItem\",\"position\":3,\"name\":\"Peugeot e-208 vs Dacia Spring : le match des citadines \u00e9lectriques\u00a0\"}]},{\"@type\":\"WebSite\",\"@id\":\"https:\\\/\\\/www.autojm.fr\\\/blog\\\/#website\",\"url\":\"https:\\\/\\\/www.autojm.fr\\\/blog\\\/\",\"name\":\"AutoJM Mag\",\"description\":\"Toute l&#039;actu auto en 1 clic !\",\"publisher\":{\"@id\":\"https:\\\/\\\/www.autojm.fr\\\/blog\\\/#organization\"},\"potentialAction\":[{\"@type\":\"SearchAction\",\"target\":{\"@type\":\"EntryPoint\",\"urlTemplate\":\"https:\\\/\\\/www.autojm.fr\\\/blog\\\/?s={search_term_string}\"},\"query-input\":{\"@type\":\"PropertyValueSpecification\",\"valueRequired\":true,\"valueName\":\"search_term_string\"}}],\"inLanguage\":\"fr-FR\"},{\"@type\":\"Organization\",\"@id\":\"https:\\\/\\\/www.autojm.fr\\\/blog\\\/#organization\",\"name\":\"AutoJM Mag\",\"url\":\"https:\\\/\\\/www.autojm.fr\\\/blog\\\/\",\"logo\":{\"@type\":\"ImageObject\",\"inLanguage\":\"fr-FR\",\"@id\":\"https:\\\/\\\/www.autojm.fr\\\/blog\\\/#\\\/schema\\\/logo\\\/image\\\/\",\"url\":\"https:\\\/\\\/www.autojm.fr\\\/blog\\\/wp-content\\\/uploads\\\/2022\\\/12\\\/cropped-AutoJMag-png.png\",\"contentUrl\":\"https:\\\/\\\/www.autojm.fr\\\/blog\\\/wp-content\\\/uploads\\\/2022\\\/12\\\/cropped-AutoJMag-png.png\",\"width\":2834,\"height\":585,\"caption\":\"AutoJM Mag\"},\"image\":{\"@id\":\"https:\\\/\\\/www.autojm.fr\\\/blog\\\/#\\\/schema\\\/logo\\\/image\\\/\"},\"sameAs\":[\"https:\\\/\\\/www.facebook.com\\\/AutoJM25\"]},{\"@type\":\"Person\",\"@id\":\"https:\\\/\\\/www.autojm.fr\\\/blog\\\/#\\\/schema\\\/person\\\/1cc83a91548d88a62eb8cf06f562a72c\",\"name\":\"Justine Tripard\",\"image\":{\"@type\":\"ImageObject\",\"inLanguage\":\"fr-FR\",\"@id\":\"https:\\\/\\\/secure.gravatar.com\\\/avatar\\\/b8b45209a4cf0b7b127b9238ec348090e7302306d2485eeaab17b6761fe84991?s=96&d=mm&r=g\",\"url\":\"https:\\\/\\\/secure.gravatar.com\\\/avatar\\\/b8b45209a4cf0b7b127b9238ec348090e7302306d2485eeaab17b6761fe84991?s=96&d=mm&r=g\",\"contentUrl\":\"https:\\\/\\\/secure.gravatar.com\\\/avatar\\\/b8b45209a4cf0b7b127b9238ec348090e7302306d2485eeaab17b6761fe84991?s=96&d=mm&r=g\",\"caption\":\"Justine Tripard\"},\"url\":\"https:\\\/\\\/www.autojm.fr\\\/blog\\\/author\\\/justine\\\/\"}]}<\/script>\n<!-- \/ Yoast SEO plugin. -->","yoast_head_json":{"title":"Peugeot e-208 vs Dacia Spring : le match des citadines \u00e9lectriques\u00a0 - AutoJM Mag","description":"L\u2019une est fran\u00e7aise et assembl\u00e9e dans les usines espagnoles de Saragosse, l\u2019autre est roumaine et fabriqu\u00e9e en Chine. Les citadines...","robots":{"index":"index","follow":"follow","max-snippet":"max-snippet:-1","max-image-preview":"max-image-preview:large","max-video-preview":"max-video-preview:-1"},"canonical":"https:\/\/www.autojm.fr\/blog\/peugeot-e-208-vs-dacia-spring-le-match-des-citadines-electriques\/","og_locale":"fr_FR","og_type":"article","og_title":"Peugeot e-208 vs Dacia Spring : le match des citadines \u00e9lectriques\u00a0 - AutoJM Mag","og_description":"L\u2019une est fran\u00e7aise et assembl\u00e9e dans les usines espagnoles de Saragosse, l\u2019autre est roumaine et fabriqu\u00e9e en Chine. Les citadines...","og_url":"https:\/\/www.autojm.fr\/blog\/peugeot-e-208-vs-dacia-spring-le-match-des-citadines-electriques\/","og_site_name":"AutoJM Mag","article_publisher":"https:\/\/www.facebook.com\/AutoJM25","article_published_time":"2023-10-04T09:38:19+00:00","article_modified_time":"2024-03-18T14:46:28+00:00","og_image":[{"width":1000,"height":500,"url":"https:\/\/www.autojm.fr\/blog\/wp-content\/uploads\/2023\/10\/Peugeot-e-208-vs-Dacia-Spring.jpg","type":"image\/jpeg"}],"author":"Justine Tripard","twitter_card":"summary_large_image","twitter_misc":{"\u00c9crit par":"Justine Tripard","Dur\u00e9e de lecture estim\u00e9e":"6 minutes"},"schema":{"@context":"https:\/\/schema.org","@graph":[{"@type":"Article","@id":"https:\/\/www.autojm.fr\/blog\/peugeot-e-208-vs-dacia-spring-le-match-des-citadines-electriques\/#article","isPartOf":{"@id":"https:\/\/www.autojm.fr\/blog\/peugeot-e-208-vs-dacia-spring-le-match-des-citadines-electriques\/"},"author":{"name":"Justine Tripard","@id":"https:\/\/www.autojm.fr\/blog\/#\/schema\/person\/1cc83a91548d88a62eb8cf06f562a72c"},"headline":"Peugeot e-208 vs Dacia Spring : le match des citadines \u00e9lectriques\u00a0","datePublished":"2023-10-04T09:38:19+00:00","dateModified":"2024-03-18T14:46:28+00:00","mainEntityOfPage":{"@id":"https:\/\/www.autojm.fr\/blog\/peugeot-e-208-vs-dacia-spring-le-match-des-citadines-electriques\/"},"wordCount":10,"commentCount":0,"publisher":{"@id":"https:\/\/www.autojm.fr\/blog\/#organization"},"image":{"@id":"https:\/\/www.autojm.fr\/blog\/peugeot-e-208-vs-dacia-spring-le-match-des-citadines-electriques\/#primaryimage"},"thumbnailUrl":"https:\/\/www.autojm.fr\/blog\/wp-content\/uploads\/2023\/10\/Peugeot-e-208-vs-Dacia-Spring.jpg","keywords":["208","3008","308","408","arkana","Audi","Austral","autojm","C3","C5 Aircross","captur","Citro\u00ebn","Clio","Clio 5","dacia","DS","DS7","duster","Fiat","Ford","formentor","Golf 8","Hyundai","Kia","leon 5 portes","leon sportstourer","Nissan","peugeot","renault","Skoda","Tiguan","Toyota","Volkswagen"],"articleSection":["Comparatifs"],"inLanguage":"fr-FR","potentialAction":[{"@type":"CommentAction","name":"Comment","target":["https:\/\/www.autojm.fr\/blog\/peugeot-e-208-vs-dacia-spring-le-match-des-citadines-electriques\/#respond"]}]},{"@type":"WebPage","@id":"https:\/\/www.autojm.fr\/blog\/peugeot-e-208-vs-dacia-spring-le-match-des-citadines-electriques\/","url":"https:\/\/www.autojm.fr\/blog\/peugeot-e-208-vs-dacia-spring-le-match-des-citadines-electriques\/","name":"Peugeot e-208 vs Dacia Spring : le match des citadines \u00e9lectriques\u00a0 - AutoJM Mag","isPartOf":{"@id":"https:\/\/www.autojm.fr\/blog\/#website"},"primaryImageOfPage":{"@id":"https:\/\/www.autojm.fr\/blog\/peugeot-e-208-vs-dacia-spring-le-match-des-citadines-electriques\/#primaryimage"},"image":{"@id":"https:\/\/www.autojm.fr\/blog\/peugeot-e-208-vs-dacia-spring-le-match-des-citadines-electriques\/#primaryimage"},"thumbnailUrl":"https:\/\/www.autojm.fr\/blog\/wp-content\/uploads\/2023\/10\/Peugeot-e-208-vs-Dacia-Spring.jpg","datePublished":"2023-10-04T09:38:19+00:00","dateModified":"2024-03-18T14:46:28+00:00","description":"L\u2019une est fran\u00e7aise et assembl\u00e9e dans les usines espagnoles de Saragosse, l\u2019autre est roumaine et fabriqu\u00e9e en Chine. Les citadines...","breadcrumb":{"@id":"https:\/\/www.autojm.fr\/blog\/peugeot-e-208-vs-dacia-spring-le-match-des-citadines-electriques\/#breadcrumb"},"inLanguage":"fr-FR","potentialAction":[{"@type":"ReadAction","target":["https:\/\/www.autojm.fr\/blog\/peugeot-e-208-vs-dacia-spring-le-match-des-citadines-electriques\/"]}]},{"@type":"ImageObject","inLanguage":"fr-FR","@id":"https:\/\/www.autojm.fr\/blog\/peugeot-e-208-vs-dacia-spring-le-match-des-citadines-electriques\/#primaryimage","url":"https:\/\/www.autojm.fr\/blog\/wp-content\/uploads\/2023\/10\/Peugeot-e-208-vs-Dacia-Spring.jpg","contentUrl":"https:\/\/www.autojm.fr\/blog\/wp-content\/uploads\/2023\/10\/Peugeot-e-208-vs-Dacia-Spring.jpg","width":1000,"height":500,"caption":"Peugeot e-208 vs Dacia Spring"},{"@type":"BreadcrumbList","@id":"https:\/\/www.autojm.fr\/blog\/peugeot-e-208-vs-dacia-spring-le-match-des-citadines-electriques\/#breadcrumb","itemListElement":[{"@type":"ListItem","position":1,"name":"Accueil","item":"https:\/\/www.autojm.fr\/blog\/"},{"@type":"ListItem","position":2,"name":"Comparatifs","item":"https:\/\/www.autojm.fr\/blog\/comparatifs\/"},{"@type":"ListItem","position":3,"name":"Peugeot e-208 vs Dacia Spring : le match des citadines \u00e9lectriques\u00a0"}]},{"@type":"WebSite","@id":"https:\/\/www.autojm.fr\/blog\/#website","url":"https:\/\/www.autojm.fr\/blog\/","name":"AutoJM Mag","description":"Toute l&#039;actu auto en 1 clic !","publisher":{"@id":"https:\/\/www.autojm.fr\/blog\/#organization"},"potentialAction":[{"@type":"SearchAction","target":{"@type":"EntryPoint","urlTemplate":"https:\/\/www.autojm.fr\/blog\/?s={search_term_string}"},"query-input":{"@type":"PropertyValueSpecification","valueRequired":true,"valueName":"search_term_string"}}],"inLanguage":"fr-FR"},{"@type":"Organization","@id":"https:\/\/www.autojm.fr\/blog\/#organization","name":"AutoJM Mag","url":"https:\/\/www.autojm.fr\/blog\/","logo":{"@type":"ImageObject","inLanguage":"fr-FR","@id":"https:\/\/www.autojm.fr\/blog\/#\/schema\/logo\/image\/","url":"https:\/\/www.autojm.fr\/blog\/wp-content\/uploads\/2022\/12\/cropped-AutoJMag-png.png","contentUrl":"https:\/\/www.autojm.fr\/blog\/wp-content\/uploads\/2022\/12\/cropped-AutoJMag-png.png","width":2834,"height":585,"caption":"AutoJM Mag"},"image":{"@id":"https:\/\/www.autojm.fr\/blog\/#\/schema\/logo\/image\/"},"sameAs":["https:\/\/www.facebook.com\/AutoJM25"]},{"@type":"Person","@id":"https:\/\/www.autojm.fr\/blog\/#\/schema\/person\/1cc83a91548d88a62eb8cf06f562a72c","name":"Justine Tripard","image":{"@type":"ImageObject","inLanguage":"fr-FR","@id":"https:\/\/secure.gravatar.com\/avatar\/b8b45209a4cf0b7b127b9238ec348090e7302306d2485eeaab17b6761fe84991?s=96&d=mm&r=g","url":"https:\/\/secure.gravatar.com\/avatar\/b8b45209a4cf0b7b127b9238ec348090e7302306d2485eeaab17b6761fe84991?s=96&d=mm&r=g","contentUrl":"https:\/\/secure.gravatar.com\/avatar\/b8b45209a4cf0b7b127b9238ec348090e7302306d2485eeaab17b6761fe84991?s=96&d=mm&r=g","caption":"Justine Tripard"},"url":"https:\/\/www.autojm.fr\/blog\/author\/justine\/"}]}},"_links":{"self":[{"href":"https:\/\/www.autojm.fr\/blog\/wp-json\/wp\/v2\/posts\/13062","targetHints":{"allow":["GET"]}}],"collection":[{"href":"https:\/\/www.autojm.fr\/blog\/wp-json\/wp\/v2\/posts"}],"about":[{"href":"https:\/\/www.autojm.fr\/blog\/wp-json\/wp\/v2\/types\/post"}],"author":[{"embeddable":true,"href":"https:\/\/www.autojm.fr\/blog\/wp-json\/wp\/v2\/users\/6"}],"replies":[{"embeddable":true,"href":"https:\/\/www.autojm.fr\/blog\/wp-json\/wp\/v2\/comments?post=13062"}],"version-history":[{"count":5,"href":"https:\/\/www.autojm.fr\/blog\/wp-json\/wp\/v2\/posts\/13062\/revisions"}],"predecessor-version":[{"id":13078,"href":"https:\/\/www.autojm.fr\/blog\/wp-json\/wp\/v2\/posts\/13062\/revisions\/13078"}],"wp:featuredmedia":[{"embeddable":true,"href":"https:\/\/www.autojm.fr\/blog\/wp-json\/wp\/v2\/media\/13064"}],"wp:attachment":[{"href":"https:\/\/www.autojm.fr\/blog\/wp-json\/wp\/v2\/media?parent=13062"}],"wp:term":[{"taxonomy":"category","embeddable":true,"href":"https:\/\/www.autojm.fr\/blog\/wp-json\/wp\/v2\/categories?post=13062"},{"taxonomy":"post_tag","embeddable":true,"href":"https:\/\/www.autojm.fr\/blog\/wp-json\/wp\/v2\/tags?post=13062"}],"curies":[{"name":"wp","href":"https:\/\/api.w.org\/{rel}","templated":true}]}}