{"id":12900,"date":"2023-09-25T11:15:12","date_gmt":"2023-09-25T11:15:12","guid":{"rendered":"https:\/\/www.autojm.fr\/blog\/?p=12900"},"modified":"2023-09-25T11:40:06","modified_gmt":"2023-09-25T11:40:06","slug":"vinfast-le-vf8-bientot-sur-le-marche-francais","status":"publish","type":"post","link":"https:\/\/www.autojm.fr\/blog\/vinfast-le-vf8-bientot-sur-le-marche-francais\/","title":{"rendered":"VinFast : le VF8 bient\u00f4t sur le march\u00e9 fran\u00e7ais"},"content":{"rendered":"","protected":false},"excerpt":{"rendered":"<p>Le constructeur vietnamien VinFast entend commercialiser ses mod\u00e8les en Europe au cours du quatri\u00e8me trimestre 2023. Pour atteindre cet objectif, les livraisons du SUV \u00e9lectrique VF8 vont d\u00e9buter d\u2019ici la fin de l\u2019ann\u00e9e en Allemagne, aux Pays-Bas et en France. D\u00e9cryptage du tout premier mod\u00e8le de la marque bas\u00e9e \u00e0 Hano\u00ef. <\/p>\n","protected":false},"author":6,"featured_media":12902,"comment_status":"open","ping_status":"open","sticky":false,"template":"","format":"standard","meta":{"_acf_changed":false,"content-type":"","footnotes":""},"categories":[362],"tags":[88,336,333,314,91,103,318,90,301,188,87,85,92,74,105,111,94,110,98,207,259,106,83,80,108,73,78,193,214,169,96],"class_list":["post-12900","post","type-post","status-publish","format-standard","has-post-thumbnail","hentry","category-nouveaute-vinfast","tag-88","tag-336","tag-333","tag-314","tag-arkana","tag-audi","tag-austral","tag-autojm","tag-c3","tag-c5-aircross","tag-captur","tag-citroen-2","tag-clio-5","tag-dacia","tag-ds","tag-ds7","tag-duster","tag-fiat","tag-formentor","tag-golf-8","tag-hyundai","tag-kia","tag-leon-5-portes","tag-leon-sportstourer","tag-nissan","tag-peugeot","tag-renault","tag-skoda","tag-tiguan","tag-toyota","tag-volkswagen"],"acf":[],"yoast_head":"<!-- This site is optimized with the Yoast SEO plugin v27.5 - https:\/\/yoast.com\/product\/yoast-seo-wordpress\/ -->\n<title>VinFast : le VF8 bient\u00f4t sur le march\u00e9 fran\u00e7ais - AutoJM Mag<\/title>\n<meta name=\"description\" content=\"Le constructeur vietnamien VinFast entend commercialiser ses mod\u00e8les en Europe au cours du quatri\u00e8me trimestre 2023. Pour atteindre cet...\" \/>\n<meta name=\"robots\" content=\"index, follow, max-snippet:-1, max-image-preview:large, max-video-preview:-1\" \/>\n<link rel=\"canonical\" href=\"https:\/\/www.autojm.fr\/blog\/vinfast-le-vf8-bientot-sur-le-marche-francais\/\" \/>\n<meta property=\"og:locale\" content=\"fr_FR\" \/>\n<meta property=\"og:type\" content=\"article\" \/>\n<meta property=\"og:title\" content=\"VinFast : le VF8 bient\u00f4t sur le march\u00e9 fran\u00e7ais - AutoJM Mag\" \/>\n<meta property=\"og:description\" content=\"Le constructeur vietnamien VinFast entend commercialiser ses mod\u00e8les en Europe au cours du quatri\u00e8me trimestre 2023. Pour atteindre cet...\" \/>\n<meta property=\"og:url\" content=\"https:\/\/www.autojm.fr\/blog\/vinfast-le-vf8-bientot-sur-le-marche-francais\/\" \/>\n<meta property=\"og:site_name\" content=\"AutoJM Mag\" \/>\n<meta property=\"article:publisher\" content=\"https:\/\/www.facebook.com\/AutoJM25\" \/>\n<meta property=\"article:published_time\" content=\"2023-09-25T11:15:12+00:00\" \/>\n<meta property=\"article:modified_time\" content=\"2023-09-25T11:40:06+00:00\" \/>\n<meta property=\"og:image\" content=\"https:\/\/www.autojm.fr\/blog\/wp-content\/uploads\/2023\/09\/VinFast-VF8.jpg\" \/>\n\t<meta property=\"og:image:width\" content=\"1000\" \/>\n\t<meta property=\"og:image:height\" content=\"500\" \/>\n\t<meta property=\"og:image:type\" content=\"image\/jpeg\" \/>\n<meta name=\"author\" content=\"Justine Tripard\" \/>\n<meta name=\"twitter:card\" content=\"summary_large_image\" \/>\n<meta name=\"twitter:label1\" content=\"\u00c9crit par\" \/>\n\t<meta name=\"twitter:data1\" content=\"Justine Tripard\" \/>\n<script type=\"application\/ld+json\" class=\"yoast-schema-graph\">{\"@context\":\"https:\\\/\\\/schema.org\",\"@graph\":[{\"@type\":\"Article\",\"@id\":\"https:\\\/\\\/www.autojm.fr\\\/blog\\\/vinfast-le-vf8-bientot-sur-le-marche-francais\\\/#article\",\"isPartOf\":{\"@id\":\"https:\\\/\\\/www.autojm.fr\\\/blog\\\/vinfast-le-vf8-bientot-sur-le-marche-francais\\\/\"},\"author\":{\"name\":\"Justine Tripard\",\"@id\":\"https:\\\/\\\/www.autojm.fr\\\/blog\\\/#\\\/schema\\\/person\\\/1cc83a91548d88a62eb8cf06f562a72c\"},\"headline\":\"VinFast : le VF8 bient\u00f4t sur le march\u00e9 fran\u00e7ais\",\"datePublished\":\"2023-09-25T11:15:12+00:00\",\"dateModified\":\"2023-09-25T11:40:06+00:00\",\"mainEntityOfPage\":{\"@id\":\"https:\\\/\\\/www.autojm.fr\\\/blog\\\/vinfast-le-vf8-bientot-sur-le-marche-francais\\\/\"},\"wordCount\":10,\"commentCount\":0,\"publisher\":{\"@id\":\"https:\\\/\\\/www.autojm.fr\\\/blog\\\/#organization\"},\"image\":{\"@id\":\"https:\\\/\\\/www.autojm.fr\\\/blog\\\/vinfast-le-vf8-bientot-sur-le-marche-francais\\\/#primaryimage\"},\"thumbnailUrl\":\"https:\\\/\\\/www.autojm.fr\\\/blog\\\/wp-content\\\/uploads\\\/2023\\\/09\\\/VinFast-VF8.jpg\",\"keywords\":[\"208\",\"3008\",\"308\",\"408\",\"arkana\",\"Audi\",\"Austral\",\"autojm\",\"C3\",\"C5 Aircross\",\"captur\",\"Citro\u00ebn\",\"Clio 5\",\"dacia\",\"DS\",\"DS7\",\"duster\",\"Fiat\",\"formentor\",\"Golf 8\",\"Hyundai\",\"Kia\",\"leon 5 portes\",\"leon sportstourer\",\"Nissan\",\"peugeot\",\"renault\",\"Skoda\",\"Tiguan\",\"Toyota\",\"Volkswagen\"],\"articleSection\":[\"Nouveaut\u00e9 VinFast\"],\"inLanguage\":\"fr-FR\",\"potentialAction\":[{\"@type\":\"CommentAction\",\"name\":\"Comment\",\"target\":[\"https:\\\/\\\/www.autojm.fr\\\/blog\\\/vinfast-le-vf8-bientot-sur-le-marche-francais\\\/#respond\"]}]},{\"@type\":\"WebPage\",\"@id\":\"https:\\\/\\\/www.autojm.fr\\\/blog\\\/vinfast-le-vf8-bientot-sur-le-marche-francais\\\/\",\"url\":\"https:\\\/\\\/www.autojm.fr\\\/blog\\\/vinfast-le-vf8-bientot-sur-le-marche-francais\\\/\",\"name\":\"VinFast : le VF8 bient\u00f4t sur le march\u00e9 fran\u00e7ais - AutoJM Mag\",\"isPartOf\":{\"@id\":\"https:\\\/\\\/www.autojm.fr\\\/blog\\\/#website\"},\"primaryImageOfPage\":{\"@id\":\"https:\\\/\\\/www.autojm.fr\\\/blog\\\/vinfast-le-vf8-bientot-sur-le-marche-francais\\\/#primaryimage\"},\"image\":{\"@id\":\"https:\\\/\\\/www.autojm.fr\\\/blog\\\/vinfast-le-vf8-bientot-sur-le-marche-francais\\\/#primaryimage\"},\"thumbnailUrl\":\"https:\\\/\\\/www.autojm.fr\\\/blog\\\/wp-content\\\/uploads\\\/2023\\\/09\\\/VinFast-VF8.jpg\",\"datePublished\":\"2023-09-25T11:15:12+00:00\",\"dateModified\":\"2023-09-25T11:40:06+00:00\",\"description\":\"Le constructeur vietnamien VinFast entend commercialiser ses mod\u00e8les en Europe au cours du quatri\u00e8me trimestre 2023. Pour atteindre cet...\",\"breadcrumb\":{\"@id\":\"https:\\\/\\\/www.autojm.fr\\\/blog\\\/vinfast-le-vf8-bientot-sur-le-marche-francais\\\/#breadcrumb\"},\"inLanguage\":\"fr-FR\",\"potentialAction\":[{\"@type\":\"ReadAction\",\"target\":[\"https:\\\/\\\/www.autojm.fr\\\/blog\\\/vinfast-le-vf8-bientot-sur-le-marche-francais\\\/\"]}]},{\"@type\":\"ImageObject\",\"inLanguage\":\"fr-FR\",\"@id\":\"https:\\\/\\\/www.autojm.fr\\\/blog\\\/vinfast-le-vf8-bientot-sur-le-marche-francais\\\/#primaryimage\",\"url\":\"https:\\\/\\\/www.autojm.fr\\\/blog\\\/wp-content\\\/uploads\\\/2023\\\/09\\\/VinFast-VF8.jpg\",\"contentUrl\":\"https:\\\/\\\/www.autojm.fr\\\/blog\\\/wp-content\\\/uploads\\\/2023\\\/09\\\/VinFast-VF8.jpg\",\"width\":1000,\"height\":500,\"caption\":\"VinFast VF8\"},{\"@type\":\"BreadcrumbList\",\"@id\":\"https:\\\/\\\/www.autojm.fr\\\/blog\\\/vinfast-le-vf8-bientot-sur-le-marche-francais\\\/#breadcrumb\",\"itemListElement\":[{\"@type\":\"ListItem\",\"position\":1,\"name\":\"Accueil\",\"item\":\"https:\\\/\\\/www.autojm.fr\\\/blog\\\/\"},{\"@type\":\"ListItem\",\"position\":2,\"name\":\"Nouveaut\u00e9s Autos\",\"item\":\"https:\\\/\\\/www.autojm.fr\\\/blog\\\/nouveautes-autos\\\/\"},{\"@type\":\"ListItem\",\"position\":3,\"name\":\"Nouveaut\u00e9 VinFast\",\"item\":\"https:\\\/\\\/www.autojm.fr\\\/blog\\\/nouveautes-autos\\\/nouveaute-vinfast\\\/\"},{\"@type\":\"ListItem\",\"position\":4,\"name\":\"VinFast : le VF8 bient\u00f4t sur le march\u00e9 fran\u00e7ais\"}]},{\"@type\":\"WebSite\",\"@id\":\"https:\\\/\\\/www.autojm.fr\\\/blog\\\/#website\",\"url\":\"https:\\\/\\\/www.autojm.fr\\\/blog\\\/\",\"name\":\"AutoJM Mag\",\"description\":\"Toute l&#039;actu auto en 1 clic !\",\"publisher\":{\"@id\":\"https:\\\/\\\/www.autojm.fr\\\/blog\\\/#organization\"},\"potentialAction\":[{\"@type\":\"SearchAction\",\"target\":{\"@type\":\"EntryPoint\",\"urlTemplate\":\"https:\\\/\\\/www.autojm.fr\\\/blog\\\/?s={search_term_string}\"},\"query-input\":{\"@type\":\"PropertyValueSpecification\",\"valueRequired\":true,\"valueName\":\"search_term_string\"}}],\"inLanguage\":\"fr-FR\"},{\"@type\":\"Organization\",\"@id\":\"https:\\\/\\\/www.autojm.fr\\\/blog\\\/#organization\",\"name\":\"AutoJM Mag\",\"url\":\"https:\\\/\\\/www.autojm.fr\\\/blog\\\/\",\"logo\":{\"@type\":\"ImageObject\",\"inLanguage\":\"fr-FR\",\"@id\":\"https:\\\/\\\/www.autojm.fr\\\/blog\\\/#\\\/schema\\\/logo\\\/image\\\/\",\"url\":\"https:\\\/\\\/www.autojm.fr\\\/blog\\\/wp-content\\\/uploads\\\/2022\\\/12\\\/cropped-AutoJMag-png.png\",\"contentUrl\":\"https:\\\/\\\/www.autojm.fr\\\/blog\\\/wp-content\\\/uploads\\\/2022\\\/12\\\/cropped-AutoJMag-png.png\",\"width\":2834,\"height\":585,\"caption\":\"AutoJM Mag\"},\"image\":{\"@id\":\"https:\\\/\\\/www.autojm.fr\\\/blog\\\/#\\\/schema\\\/logo\\\/image\\\/\"},\"sameAs\":[\"https:\\\/\\\/www.facebook.com\\\/AutoJM25\"]},{\"@type\":\"Person\",\"@id\":\"https:\\\/\\\/www.autojm.fr\\\/blog\\\/#\\\/schema\\\/person\\\/1cc83a91548d88a62eb8cf06f562a72c\",\"name\":\"Justine Tripard\",\"image\":{\"@type\":\"ImageObject\",\"inLanguage\":\"fr-FR\",\"@id\":\"https:\\\/\\\/secure.gravatar.com\\\/avatar\\\/b8b45209a4cf0b7b127b9238ec348090e7302306d2485eeaab17b6761fe84991?s=96&d=mm&r=g\",\"url\":\"https:\\\/\\\/secure.gravatar.com\\\/avatar\\\/b8b45209a4cf0b7b127b9238ec348090e7302306d2485eeaab17b6761fe84991?s=96&d=mm&r=g\",\"contentUrl\":\"https:\\\/\\\/secure.gravatar.com\\\/avatar\\\/b8b45209a4cf0b7b127b9238ec348090e7302306d2485eeaab17b6761fe84991?s=96&d=mm&r=g\",\"caption\":\"Justine Tripard\"},\"url\":\"https:\\\/\\\/www.autojm.fr\\\/blog\\\/author\\\/justine\\\/\"}]}<\/script>\n<!-- \/ Yoast SEO plugin. -->","yoast_head_json":{"title":"VinFast : le VF8 bient\u00f4t sur le march\u00e9 fran\u00e7ais - AutoJM Mag","description":"Le constructeur vietnamien VinFast entend commercialiser ses mod\u00e8les en Europe au cours du quatri\u00e8me trimestre 2023. Pour atteindre cet...","robots":{"index":"index","follow":"follow","max-snippet":"max-snippet:-1","max-image-preview":"max-image-preview:large","max-video-preview":"max-video-preview:-1"},"canonical":"https:\/\/www.autojm.fr\/blog\/vinfast-le-vf8-bientot-sur-le-marche-francais\/","og_locale":"fr_FR","og_type":"article","og_title":"VinFast : le VF8 bient\u00f4t sur le march\u00e9 fran\u00e7ais - AutoJM Mag","og_description":"Le constructeur vietnamien VinFast entend commercialiser ses mod\u00e8les en Europe au cours du quatri\u00e8me trimestre 2023. Pour atteindre cet...","og_url":"https:\/\/www.autojm.fr\/blog\/vinfast-le-vf8-bientot-sur-le-marche-francais\/","og_site_name":"AutoJM Mag","article_publisher":"https:\/\/www.facebook.com\/AutoJM25","article_published_time":"2023-09-25T11:15:12+00:00","article_modified_time":"2023-09-25T11:40:06+00:00","og_image":[{"width":1000,"height":500,"url":"https:\/\/www.autojm.fr\/blog\/wp-content\/uploads\/2023\/09\/VinFast-VF8.jpg","type":"image\/jpeg"}],"author":"Justine Tripard","twitter_card":"summary_large_image","twitter_misc":{"\u00c9crit par":"Justine Tripard"},"schema":{"@context":"https:\/\/schema.org","@graph":[{"@type":"Article","@id":"https:\/\/www.autojm.fr\/blog\/vinfast-le-vf8-bientot-sur-le-marche-francais\/#article","isPartOf":{"@id":"https:\/\/www.autojm.fr\/blog\/vinfast-le-vf8-bientot-sur-le-marche-francais\/"},"author":{"name":"Justine Tripard","@id":"https:\/\/www.autojm.fr\/blog\/#\/schema\/person\/1cc83a91548d88a62eb8cf06f562a72c"},"headline":"VinFast : le VF8 bient\u00f4t sur le march\u00e9 fran\u00e7ais","datePublished":"2023-09-25T11:15:12+00:00","dateModified":"2023-09-25T11:40:06+00:00","mainEntityOfPage":{"@id":"https:\/\/www.autojm.fr\/blog\/vinfast-le-vf8-bientot-sur-le-marche-francais\/"},"wordCount":10,"commentCount":0,"publisher":{"@id":"https:\/\/www.autojm.fr\/blog\/#organization"},"image":{"@id":"https:\/\/www.autojm.fr\/blog\/vinfast-le-vf8-bientot-sur-le-marche-francais\/#primaryimage"},"thumbnailUrl":"https:\/\/www.autojm.fr\/blog\/wp-content\/uploads\/2023\/09\/VinFast-VF8.jpg","keywords":["208","3008","308","408","arkana","Audi","Austral","autojm","C3","C5 Aircross","captur","Citro\u00ebn","Clio 5","dacia","DS","DS7","duster","Fiat","formentor","Golf 8","Hyundai","Kia","leon 5 portes","leon sportstourer","Nissan","peugeot","renault","Skoda","Tiguan","Toyota","Volkswagen"],"articleSection":["Nouveaut\u00e9 VinFast"],"inLanguage":"fr-FR","potentialAction":[{"@type":"CommentAction","name":"Comment","target":["https:\/\/www.autojm.fr\/blog\/vinfast-le-vf8-bientot-sur-le-marche-francais\/#respond"]}]},{"@type":"WebPage","@id":"https:\/\/www.autojm.fr\/blog\/vinfast-le-vf8-bientot-sur-le-marche-francais\/","url":"https:\/\/www.autojm.fr\/blog\/vinfast-le-vf8-bientot-sur-le-marche-francais\/","name":"VinFast : le VF8 bient\u00f4t sur le march\u00e9 fran\u00e7ais - AutoJM Mag","isPartOf":{"@id":"https:\/\/www.autojm.fr\/blog\/#website"},"primaryImageOfPage":{"@id":"https:\/\/www.autojm.fr\/blog\/vinfast-le-vf8-bientot-sur-le-marche-francais\/#primaryimage"},"image":{"@id":"https:\/\/www.autojm.fr\/blog\/vinfast-le-vf8-bientot-sur-le-marche-francais\/#primaryimage"},"thumbnailUrl":"https:\/\/www.autojm.fr\/blog\/wp-content\/uploads\/2023\/09\/VinFast-VF8.jpg","datePublished":"2023-09-25T11:15:12+00:00","dateModified":"2023-09-25T11:40:06+00:00","description":"Le constructeur vietnamien VinFast entend commercialiser ses mod\u00e8les en Europe au cours du quatri\u00e8me trimestre 2023. Pour atteindre cet...","breadcrumb":{"@id":"https:\/\/www.autojm.fr\/blog\/vinfast-le-vf8-bientot-sur-le-marche-francais\/#breadcrumb"},"inLanguage":"fr-FR","potentialAction":[{"@type":"ReadAction","target":["https:\/\/www.autojm.fr\/blog\/vinfast-le-vf8-bientot-sur-le-marche-francais\/"]}]},{"@type":"ImageObject","inLanguage":"fr-FR","@id":"https:\/\/www.autojm.fr\/blog\/vinfast-le-vf8-bientot-sur-le-marche-francais\/#primaryimage","url":"https:\/\/www.autojm.fr\/blog\/wp-content\/uploads\/2023\/09\/VinFast-VF8.jpg","contentUrl":"https:\/\/www.autojm.fr\/blog\/wp-content\/uploads\/2023\/09\/VinFast-VF8.jpg","width":1000,"height":500,"caption":"VinFast VF8"},{"@type":"BreadcrumbList","@id":"https:\/\/www.autojm.fr\/blog\/vinfast-le-vf8-bientot-sur-le-marche-francais\/#breadcrumb","itemListElement":[{"@type":"ListItem","position":1,"name":"Accueil","item":"https:\/\/www.autojm.fr\/blog\/"},{"@type":"ListItem","position":2,"name":"Nouveaut\u00e9s Autos","item":"https:\/\/www.autojm.fr\/blog\/nouveautes-autos\/"},{"@type":"ListItem","position":3,"name":"Nouveaut\u00e9 VinFast","item":"https:\/\/www.autojm.fr\/blog\/nouveautes-autos\/nouveaute-vinfast\/"},{"@type":"ListItem","position":4,"name":"VinFast : le VF8 bient\u00f4t sur le march\u00e9 fran\u00e7ais"}]},{"@type":"WebSite","@id":"https:\/\/www.autojm.fr\/blog\/#website","url":"https:\/\/www.autojm.fr\/blog\/","name":"AutoJM Mag","description":"Toute l&#039;actu auto en 1 clic !","publisher":{"@id":"https:\/\/www.autojm.fr\/blog\/#organization"},"potentialAction":[{"@type":"SearchAction","target":{"@type":"EntryPoint","urlTemplate":"https:\/\/www.autojm.fr\/blog\/?s={search_term_string}"},"query-input":{"@type":"PropertyValueSpecification","valueRequired":true,"valueName":"search_term_string"}}],"inLanguage":"fr-FR"},{"@type":"Organization","@id":"https:\/\/www.autojm.fr\/blog\/#organization","name":"AutoJM Mag","url":"https:\/\/www.autojm.fr\/blog\/","logo":{"@type":"ImageObject","inLanguage":"fr-FR","@id":"https:\/\/www.autojm.fr\/blog\/#\/schema\/logo\/image\/","url":"https:\/\/www.autojm.fr\/blog\/wp-content\/uploads\/2022\/12\/cropped-AutoJMag-png.png","contentUrl":"https:\/\/www.autojm.fr\/blog\/wp-content\/uploads\/2022\/12\/cropped-AutoJMag-png.png","width":2834,"height":585,"caption":"AutoJM Mag"},"image":{"@id":"https:\/\/www.autojm.fr\/blog\/#\/schema\/logo\/image\/"},"sameAs":["https:\/\/www.facebook.com\/AutoJM25"]},{"@type":"Person","@id":"https:\/\/www.autojm.fr\/blog\/#\/schema\/person\/1cc83a91548d88a62eb8cf06f562a72c","name":"Justine Tripard","image":{"@type":"ImageObject","inLanguage":"fr-FR","@id":"https:\/\/secure.gravatar.com\/avatar\/b8b45209a4cf0b7b127b9238ec348090e7302306d2485eeaab17b6761fe84991?s=96&d=mm&r=g","url":"https:\/\/secure.gravatar.com\/avatar\/b8b45209a4cf0b7b127b9238ec348090e7302306d2485eeaab17b6761fe84991?s=96&d=mm&r=g","contentUrl":"https:\/\/secure.gravatar.com\/avatar\/b8b45209a4cf0b7b127b9238ec348090e7302306d2485eeaab17b6761fe84991?s=96&d=mm&r=g","caption":"Justine Tripard"},"url":"https:\/\/www.autojm.fr\/blog\/author\/justine\/"}]}},"_links":{"self":[{"href":"https:\/\/www.autojm.fr\/blog\/wp-json\/wp\/v2\/posts\/12900","targetHints":{"allow":["GET"]}}],"collection":[{"href":"https:\/\/www.autojm.fr\/blog\/wp-json\/wp\/v2\/posts"}],"about":[{"href":"https:\/\/www.autojm.fr\/blog\/wp-json\/wp\/v2\/types\/post"}],"author":[{"embeddable":true,"href":"https:\/\/www.autojm.fr\/blog\/wp-json\/wp\/v2\/users\/6"}],"replies":[{"embeddable":true,"href":"https:\/\/www.autojm.fr\/blog\/wp-json\/wp\/v2\/comments?post=12900"}],"version-history":[{"count":5,"href":"https:\/\/www.autojm.fr\/blog\/wp-json\/wp\/v2\/posts\/12900\/revisions"}],"predecessor-version":[{"id":12914,"href":"https:\/\/www.autojm.fr\/blog\/wp-json\/wp\/v2\/posts\/12900\/revisions\/12914"}],"wp:featuredmedia":[{"embeddable":true,"href":"https:\/\/www.autojm.fr\/blog\/wp-json\/wp\/v2\/media\/12902"}],"wp:attachment":[{"href":"https:\/\/www.autojm.fr\/blog\/wp-json\/wp\/v2\/media?parent=12900"}],"wp:term":[{"taxonomy":"category","embeddable":true,"href":"https:\/\/www.autojm.fr\/blog\/wp-json\/wp\/v2\/categories?post=12900"},{"taxonomy":"post_tag","embeddable":true,"href":"https:\/\/www.autojm.fr\/blog\/wp-json\/wp\/v2\/tags?post=12900"}],"curies":[{"name":"wp","href":"https:\/\/api.w.org\/{rel}","templated":true}]}}