{"id":12827,"date":"2023-09-20T11:32:19","date_gmt":"2023-09-20T11:32:19","guid":{"rendered":"https:\/\/www.autojm.fr\/blog\/?p=12827"},"modified":"2024-03-18T14:50:08","modified_gmt":"2024-03-18T14:50:08","slug":"route-electrique-la-france-experimente-la-recharge-par-induction","status":"publish","type":"post","link":"https:\/\/www.autojm.fr\/blog\/route-electrique-la-france-experimente-la-recharge-par-induction\/","title":{"rendered":"Route \u00e9lectrique : la France exp\u00e9rimente la recharge par induction\u00a0"},"content":{"rendered":"","protected":false},"excerpt":{"rendered":"<p>En reconstituant le chemin de fer sous le bitume, l&rsquo;autoroute A10 teste actuellement pr\u00e8s de Paris la recharge par induction des voitures \u00e9lectriques. Une exp\u00e9rimentation qui s\u2019inscrit dans le cadre de la transition \u00e9cologique et destin\u00e9e \u00e0 all\u00e9ger les technologies longue distance des mod\u00e8les z\u00e9ro \u00e9mission. <\/p>\n","protected":false},"author":6,"featured_media":12829,"comment_status":"open","ping_status":"open","sticky":false,"template":"","format":"standard","meta":{"_acf_changed":false,"content-type":"","footnotes":""},"categories":[5],"tags":[88,336,333,314,91,103,318,90,301,188,87,85,92,74,105,111,94,110,98,207,259,106,83,80,108,73,78,193,214,169,96],"class_list":["post-12827","post","type-post","status-publish","format-standard","has-post-thumbnail","hentry","category-actualite-automobile","tag-88","tag-336","tag-333","tag-314","tag-arkana","tag-audi","tag-austral","tag-autojm","tag-c3","tag-c5-aircross","tag-captur","tag-citroen-2","tag-clio-5","tag-dacia","tag-ds","tag-ds7","tag-duster","tag-fiat","tag-formentor","tag-golf-8","tag-hyundai","tag-kia","tag-leon-5-portes","tag-leon-sportstourer","tag-nissan","tag-peugeot","tag-renault","tag-skoda","tag-tiguan","tag-toyota","tag-volkswagen"],"acf":[],"yoast_head":"<!-- This site is optimized with the Yoast SEO plugin v27.5 - https:\/\/yoast.com\/product\/yoast-seo-wordpress\/ -->\n<title>Route \u00e9lectrique : la France exp\u00e9rimente la recharge par induction\u00a0 - AutoJM Mag<\/title>\n<meta name=\"description\" content=\"En reconstituant le chemin de fer sous le bitume, l&#039;autoroute A10 teste actuellement pr\u00e8s de Paris la recharge par induction des voitures...\" \/>\n<meta name=\"robots\" content=\"index, follow, max-snippet:-1, max-image-preview:large, max-video-preview:-1\" \/>\n<link rel=\"canonical\" href=\"https:\/\/www.autojm.fr\/blog\/route-electrique-la-france-experimente-la-recharge-par-induction\/\" \/>\n<meta property=\"og:locale\" content=\"fr_FR\" \/>\n<meta property=\"og:type\" content=\"article\" \/>\n<meta property=\"og:title\" content=\"Route \u00e9lectrique : la France exp\u00e9rimente la recharge par induction\u00a0 - AutoJM Mag\" \/>\n<meta property=\"og:description\" content=\"En reconstituant le chemin de fer sous le bitume, l&#039;autoroute A10 teste actuellement pr\u00e8s de Paris la recharge par induction des voitures...\" \/>\n<meta property=\"og:url\" content=\"https:\/\/www.autojm.fr\/blog\/route-electrique-la-france-experimente-la-recharge-par-induction\/\" \/>\n<meta property=\"og:site_name\" content=\"AutoJM Mag\" \/>\n<meta property=\"article:publisher\" content=\"https:\/\/www.facebook.com\/AutoJM25\" \/>\n<meta property=\"article:published_time\" content=\"2023-09-20T11:32:19+00:00\" \/>\n<meta property=\"article:modified_time\" content=\"2024-03-18T14:50:08+00:00\" \/>\n<meta property=\"og:image\" content=\"https:\/\/www.autojm.fr\/blog\/wp-content\/uploads\/2023\/09\/Route-a-induction.jpg\" \/>\n\t<meta property=\"og:image:width\" content=\"1000\" \/>\n\t<meta property=\"og:image:height\" content=\"500\" \/>\n\t<meta property=\"og:image:type\" content=\"image\/jpeg\" \/>\n<meta name=\"author\" content=\"Justine Tripard\" \/>\n<meta name=\"twitter:card\" content=\"summary_large_image\" \/>\n<meta name=\"twitter:label1\" content=\"\u00c9crit par\" \/>\n\t<meta name=\"twitter:data1\" content=\"Justine Tripard\" \/>\n\t<meta name=\"twitter:label2\" content=\"Dur\u00e9e de lecture estim\u00e9e\" \/>\n\t<meta name=\"twitter:data2\" content=\"4 minutes\" \/>\n<script type=\"application\/ld+json\" class=\"yoast-schema-graph\">{\"@context\":\"https:\\\/\\\/schema.org\",\"@graph\":[{\"@type\":\"Article\",\"@id\":\"https:\\\/\\\/www.autojm.fr\\\/blog\\\/route-electrique-la-france-experimente-la-recharge-par-induction\\\/#article\",\"isPartOf\":{\"@id\":\"https:\\\/\\\/www.autojm.fr\\\/blog\\\/route-electrique-la-france-experimente-la-recharge-par-induction\\\/\"},\"author\":{\"name\":\"Justine Tripard\",\"@id\":\"https:\\\/\\\/www.autojm.fr\\\/blog\\\/#\\\/schema\\\/person\\\/1cc83a91548d88a62eb8cf06f562a72c\"},\"headline\":\"Route \u00e9lectrique : la France exp\u00e9rimente la recharge par induction\u00a0\",\"datePublished\":\"2023-09-20T11:32:19+00:00\",\"dateModified\":\"2024-03-18T14:50:08+00:00\",\"mainEntityOfPage\":{\"@id\":\"https:\\\/\\\/www.autojm.fr\\\/blog\\\/route-electrique-la-france-experimente-la-recharge-par-induction\\\/\"},\"wordCount\":10,\"commentCount\":0,\"publisher\":{\"@id\":\"https:\\\/\\\/www.autojm.fr\\\/blog\\\/#organization\"},\"image\":{\"@id\":\"https:\\\/\\\/www.autojm.fr\\\/blog\\\/route-electrique-la-france-experimente-la-recharge-par-induction\\\/#primaryimage\"},\"thumbnailUrl\":\"https:\\\/\\\/www.autojm.fr\\\/blog\\\/wp-content\\\/uploads\\\/2023\\\/09\\\/Route-a-induction.jpg\",\"keywords\":[\"208\",\"3008\",\"308\",\"408\",\"arkana\",\"Audi\",\"Austral\",\"autojm\",\"C3\",\"C5 Aircross\",\"captur\",\"Citro\u00ebn\",\"Clio 5\",\"dacia\",\"DS\",\"DS7\",\"duster\",\"Fiat\",\"formentor\",\"Golf 8\",\"Hyundai\",\"Kia\",\"leon 5 portes\",\"leon sportstourer\",\"Nissan\",\"peugeot\",\"renault\",\"Skoda\",\"Tiguan\",\"Toyota\",\"Volkswagen\"],\"articleSection\":[\"Actualit\u00e9 Automobile\"],\"inLanguage\":\"fr-FR\",\"potentialAction\":[{\"@type\":\"CommentAction\",\"name\":\"Comment\",\"target\":[\"https:\\\/\\\/www.autojm.fr\\\/blog\\\/route-electrique-la-france-experimente-la-recharge-par-induction\\\/#respond\"]}]},{\"@type\":\"WebPage\",\"@id\":\"https:\\\/\\\/www.autojm.fr\\\/blog\\\/route-electrique-la-france-experimente-la-recharge-par-induction\\\/\",\"url\":\"https:\\\/\\\/www.autojm.fr\\\/blog\\\/route-electrique-la-france-experimente-la-recharge-par-induction\\\/\",\"name\":\"Route \u00e9lectrique : la France exp\u00e9rimente la recharge par induction\u00a0 - AutoJM Mag\",\"isPartOf\":{\"@id\":\"https:\\\/\\\/www.autojm.fr\\\/blog\\\/#website\"},\"primaryImageOfPage\":{\"@id\":\"https:\\\/\\\/www.autojm.fr\\\/blog\\\/route-electrique-la-france-experimente-la-recharge-par-induction\\\/#primaryimage\"},\"image\":{\"@id\":\"https:\\\/\\\/www.autojm.fr\\\/blog\\\/route-electrique-la-france-experimente-la-recharge-par-induction\\\/#primaryimage\"},\"thumbnailUrl\":\"https:\\\/\\\/www.autojm.fr\\\/blog\\\/wp-content\\\/uploads\\\/2023\\\/09\\\/Route-a-induction.jpg\",\"datePublished\":\"2023-09-20T11:32:19+00:00\",\"dateModified\":\"2024-03-18T14:50:08+00:00\",\"description\":\"En reconstituant le chemin de fer sous le bitume, l'autoroute A10 teste actuellement pr\u00e8s de Paris la recharge par induction des voitures...\",\"breadcrumb\":{\"@id\":\"https:\\\/\\\/www.autojm.fr\\\/blog\\\/route-electrique-la-france-experimente-la-recharge-par-induction\\\/#breadcrumb\"},\"inLanguage\":\"fr-FR\",\"potentialAction\":[{\"@type\":\"ReadAction\",\"target\":[\"https:\\\/\\\/www.autojm.fr\\\/blog\\\/route-electrique-la-france-experimente-la-recharge-par-induction\\\/\"]}]},{\"@type\":\"ImageObject\",\"inLanguage\":\"fr-FR\",\"@id\":\"https:\\\/\\\/www.autojm.fr\\\/blog\\\/route-electrique-la-france-experimente-la-recharge-par-induction\\\/#primaryimage\",\"url\":\"https:\\\/\\\/www.autojm.fr\\\/blog\\\/wp-content\\\/uploads\\\/2023\\\/09\\\/Route-a-induction.jpg\",\"contentUrl\":\"https:\\\/\\\/www.autojm.fr\\\/blog\\\/wp-content\\\/uploads\\\/2023\\\/09\\\/Route-a-induction.jpg\",\"width\":1000,\"height\":500,\"caption\":\"Route \u00e0 induction\"},{\"@type\":\"BreadcrumbList\",\"@id\":\"https:\\\/\\\/www.autojm.fr\\\/blog\\\/route-electrique-la-france-experimente-la-recharge-par-induction\\\/#breadcrumb\",\"itemListElement\":[{\"@type\":\"ListItem\",\"position\":1,\"name\":\"Accueil\",\"item\":\"https:\\\/\\\/www.autojm.fr\\\/blog\\\/\"},{\"@type\":\"ListItem\",\"position\":2,\"name\":\"Actualit\u00e9 Automobile\",\"item\":\"https:\\\/\\\/www.autojm.fr\\\/blog\\\/actualite-automobile\\\/\"},{\"@type\":\"ListItem\",\"position\":3,\"name\":\"Route \u00e9lectrique : la France exp\u00e9rimente la recharge par induction\u00a0\"}]},{\"@type\":\"WebSite\",\"@id\":\"https:\\\/\\\/www.autojm.fr\\\/blog\\\/#website\",\"url\":\"https:\\\/\\\/www.autojm.fr\\\/blog\\\/\",\"name\":\"AutoJM Mag\",\"description\":\"Toute l&#039;actu auto en 1 clic !\",\"publisher\":{\"@id\":\"https:\\\/\\\/www.autojm.fr\\\/blog\\\/#organization\"},\"potentialAction\":[{\"@type\":\"SearchAction\",\"target\":{\"@type\":\"EntryPoint\",\"urlTemplate\":\"https:\\\/\\\/www.autojm.fr\\\/blog\\\/?s={search_term_string}\"},\"query-input\":{\"@type\":\"PropertyValueSpecification\",\"valueRequired\":true,\"valueName\":\"search_term_string\"}}],\"inLanguage\":\"fr-FR\"},{\"@type\":\"Organization\",\"@id\":\"https:\\\/\\\/www.autojm.fr\\\/blog\\\/#organization\",\"name\":\"AutoJM Mag\",\"url\":\"https:\\\/\\\/www.autojm.fr\\\/blog\\\/\",\"logo\":{\"@type\":\"ImageObject\",\"inLanguage\":\"fr-FR\",\"@id\":\"https:\\\/\\\/www.autojm.fr\\\/blog\\\/#\\\/schema\\\/logo\\\/image\\\/\",\"url\":\"https:\\\/\\\/www.autojm.fr\\\/blog\\\/wp-content\\\/uploads\\\/2022\\\/12\\\/cropped-AutoJMag-png.png\",\"contentUrl\":\"https:\\\/\\\/www.autojm.fr\\\/blog\\\/wp-content\\\/uploads\\\/2022\\\/12\\\/cropped-AutoJMag-png.png\",\"width\":2834,\"height\":585,\"caption\":\"AutoJM Mag\"},\"image\":{\"@id\":\"https:\\\/\\\/www.autojm.fr\\\/blog\\\/#\\\/schema\\\/logo\\\/image\\\/\"},\"sameAs\":[\"https:\\\/\\\/www.facebook.com\\\/AutoJM25\"]},{\"@type\":\"Person\",\"@id\":\"https:\\\/\\\/www.autojm.fr\\\/blog\\\/#\\\/schema\\\/person\\\/1cc83a91548d88a62eb8cf06f562a72c\",\"name\":\"Justine Tripard\",\"image\":{\"@type\":\"ImageObject\",\"inLanguage\":\"fr-FR\",\"@id\":\"https:\\\/\\\/secure.gravatar.com\\\/avatar\\\/b8b45209a4cf0b7b127b9238ec348090e7302306d2485eeaab17b6761fe84991?s=96&d=mm&r=g\",\"url\":\"https:\\\/\\\/secure.gravatar.com\\\/avatar\\\/b8b45209a4cf0b7b127b9238ec348090e7302306d2485eeaab17b6761fe84991?s=96&d=mm&r=g\",\"contentUrl\":\"https:\\\/\\\/secure.gravatar.com\\\/avatar\\\/b8b45209a4cf0b7b127b9238ec348090e7302306d2485eeaab17b6761fe84991?s=96&d=mm&r=g\",\"caption\":\"Justine Tripard\"},\"url\":\"https:\\\/\\\/www.autojm.fr\\\/blog\\\/author\\\/justine\\\/\"}]}<\/script>\n<!-- \/ Yoast SEO plugin. -->","yoast_head_json":{"title":"Route \u00e9lectrique : la France exp\u00e9rimente la recharge par induction\u00a0 - AutoJM Mag","description":"En reconstituant le chemin de fer sous le bitume, l'autoroute A10 teste actuellement pr\u00e8s de Paris la recharge par induction des voitures...","robots":{"index":"index","follow":"follow","max-snippet":"max-snippet:-1","max-image-preview":"max-image-preview:large","max-video-preview":"max-video-preview:-1"},"canonical":"https:\/\/www.autojm.fr\/blog\/route-electrique-la-france-experimente-la-recharge-par-induction\/","og_locale":"fr_FR","og_type":"article","og_title":"Route \u00e9lectrique : la France exp\u00e9rimente la recharge par induction\u00a0 - AutoJM Mag","og_description":"En reconstituant le chemin de fer sous le bitume, l'autoroute A10 teste actuellement pr\u00e8s de Paris la recharge par induction des voitures...","og_url":"https:\/\/www.autojm.fr\/blog\/route-electrique-la-france-experimente-la-recharge-par-induction\/","og_site_name":"AutoJM Mag","article_publisher":"https:\/\/www.facebook.com\/AutoJM25","article_published_time":"2023-09-20T11:32:19+00:00","article_modified_time":"2024-03-18T14:50:08+00:00","og_image":[{"width":1000,"height":500,"url":"https:\/\/www.autojm.fr\/blog\/wp-content\/uploads\/2023\/09\/Route-a-induction.jpg","type":"image\/jpeg"}],"author":"Justine Tripard","twitter_card":"summary_large_image","twitter_misc":{"\u00c9crit par":"Justine Tripard","Dur\u00e9e de lecture estim\u00e9e":"4 minutes"},"schema":{"@context":"https:\/\/schema.org","@graph":[{"@type":"Article","@id":"https:\/\/www.autojm.fr\/blog\/route-electrique-la-france-experimente-la-recharge-par-induction\/#article","isPartOf":{"@id":"https:\/\/www.autojm.fr\/blog\/route-electrique-la-france-experimente-la-recharge-par-induction\/"},"author":{"name":"Justine Tripard","@id":"https:\/\/www.autojm.fr\/blog\/#\/schema\/person\/1cc83a91548d88a62eb8cf06f562a72c"},"headline":"Route \u00e9lectrique : la France exp\u00e9rimente la recharge par induction\u00a0","datePublished":"2023-09-20T11:32:19+00:00","dateModified":"2024-03-18T14:50:08+00:00","mainEntityOfPage":{"@id":"https:\/\/www.autojm.fr\/blog\/route-electrique-la-france-experimente-la-recharge-par-induction\/"},"wordCount":10,"commentCount":0,"publisher":{"@id":"https:\/\/www.autojm.fr\/blog\/#organization"},"image":{"@id":"https:\/\/www.autojm.fr\/blog\/route-electrique-la-france-experimente-la-recharge-par-induction\/#primaryimage"},"thumbnailUrl":"https:\/\/www.autojm.fr\/blog\/wp-content\/uploads\/2023\/09\/Route-a-induction.jpg","keywords":["208","3008","308","408","arkana","Audi","Austral","autojm","C3","C5 Aircross","captur","Citro\u00ebn","Clio 5","dacia","DS","DS7","duster","Fiat","formentor","Golf 8","Hyundai","Kia","leon 5 portes","leon sportstourer","Nissan","peugeot","renault","Skoda","Tiguan","Toyota","Volkswagen"],"articleSection":["Actualit\u00e9 Automobile"],"inLanguage":"fr-FR","potentialAction":[{"@type":"CommentAction","name":"Comment","target":["https:\/\/www.autojm.fr\/blog\/route-electrique-la-france-experimente-la-recharge-par-induction\/#respond"]}]},{"@type":"WebPage","@id":"https:\/\/www.autojm.fr\/blog\/route-electrique-la-france-experimente-la-recharge-par-induction\/","url":"https:\/\/www.autojm.fr\/blog\/route-electrique-la-france-experimente-la-recharge-par-induction\/","name":"Route \u00e9lectrique : la France exp\u00e9rimente la recharge par induction\u00a0 - AutoJM Mag","isPartOf":{"@id":"https:\/\/www.autojm.fr\/blog\/#website"},"primaryImageOfPage":{"@id":"https:\/\/www.autojm.fr\/blog\/route-electrique-la-france-experimente-la-recharge-par-induction\/#primaryimage"},"image":{"@id":"https:\/\/www.autojm.fr\/blog\/route-electrique-la-france-experimente-la-recharge-par-induction\/#primaryimage"},"thumbnailUrl":"https:\/\/www.autojm.fr\/blog\/wp-content\/uploads\/2023\/09\/Route-a-induction.jpg","datePublished":"2023-09-20T11:32:19+00:00","dateModified":"2024-03-18T14:50:08+00:00","description":"En reconstituant le chemin de fer sous le bitume, l'autoroute A10 teste actuellement pr\u00e8s de Paris la recharge par induction des voitures...","breadcrumb":{"@id":"https:\/\/www.autojm.fr\/blog\/route-electrique-la-france-experimente-la-recharge-par-induction\/#breadcrumb"},"inLanguage":"fr-FR","potentialAction":[{"@type":"ReadAction","target":["https:\/\/www.autojm.fr\/blog\/route-electrique-la-france-experimente-la-recharge-par-induction\/"]}]},{"@type":"ImageObject","inLanguage":"fr-FR","@id":"https:\/\/www.autojm.fr\/blog\/route-electrique-la-france-experimente-la-recharge-par-induction\/#primaryimage","url":"https:\/\/www.autojm.fr\/blog\/wp-content\/uploads\/2023\/09\/Route-a-induction.jpg","contentUrl":"https:\/\/www.autojm.fr\/blog\/wp-content\/uploads\/2023\/09\/Route-a-induction.jpg","width":1000,"height":500,"caption":"Route \u00e0 induction"},{"@type":"BreadcrumbList","@id":"https:\/\/www.autojm.fr\/blog\/route-electrique-la-france-experimente-la-recharge-par-induction\/#breadcrumb","itemListElement":[{"@type":"ListItem","position":1,"name":"Accueil","item":"https:\/\/www.autojm.fr\/blog\/"},{"@type":"ListItem","position":2,"name":"Actualit\u00e9 Automobile","item":"https:\/\/www.autojm.fr\/blog\/actualite-automobile\/"},{"@type":"ListItem","position":3,"name":"Route \u00e9lectrique : la France exp\u00e9rimente la recharge par induction\u00a0"}]},{"@type":"WebSite","@id":"https:\/\/www.autojm.fr\/blog\/#website","url":"https:\/\/www.autojm.fr\/blog\/","name":"AutoJM Mag","description":"Toute l&#039;actu auto en 1 clic !","publisher":{"@id":"https:\/\/www.autojm.fr\/blog\/#organization"},"potentialAction":[{"@type":"SearchAction","target":{"@type":"EntryPoint","urlTemplate":"https:\/\/www.autojm.fr\/blog\/?s={search_term_string}"},"query-input":{"@type":"PropertyValueSpecification","valueRequired":true,"valueName":"search_term_string"}}],"inLanguage":"fr-FR"},{"@type":"Organization","@id":"https:\/\/www.autojm.fr\/blog\/#organization","name":"AutoJM Mag","url":"https:\/\/www.autojm.fr\/blog\/","logo":{"@type":"ImageObject","inLanguage":"fr-FR","@id":"https:\/\/www.autojm.fr\/blog\/#\/schema\/logo\/image\/","url":"https:\/\/www.autojm.fr\/blog\/wp-content\/uploads\/2022\/12\/cropped-AutoJMag-png.png","contentUrl":"https:\/\/www.autojm.fr\/blog\/wp-content\/uploads\/2022\/12\/cropped-AutoJMag-png.png","width":2834,"height":585,"caption":"AutoJM Mag"},"image":{"@id":"https:\/\/www.autojm.fr\/blog\/#\/schema\/logo\/image\/"},"sameAs":["https:\/\/www.facebook.com\/AutoJM25"]},{"@type":"Person","@id":"https:\/\/www.autojm.fr\/blog\/#\/schema\/person\/1cc83a91548d88a62eb8cf06f562a72c","name":"Justine Tripard","image":{"@type":"ImageObject","inLanguage":"fr-FR","@id":"https:\/\/secure.gravatar.com\/avatar\/b8b45209a4cf0b7b127b9238ec348090e7302306d2485eeaab17b6761fe84991?s=96&d=mm&r=g","url":"https:\/\/secure.gravatar.com\/avatar\/b8b45209a4cf0b7b127b9238ec348090e7302306d2485eeaab17b6761fe84991?s=96&d=mm&r=g","contentUrl":"https:\/\/secure.gravatar.com\/avatar\/b8b45209a4cf0b7b127b9238ec348090e7302306d2485eeaab17b6761fe84991?s=96&d=mm&r=g","caption":"Justine Tripard"},"url":"https:\/\/www.autojm.fr\/blog\/author\/justine\/"}]}},"_links":{"self":[{"href":"https:\/\/www.autojm.fr\/blog\/wp-json\/wp\/v2\/posts\/12827","targetHints":{"allow":["GET"]}}],"collection":[{"href":"https:\/\/www.autojm.fr\/blog\/wp-json\/wp\/v2\/posts"}],"about":[{"href":"https:\/\/www.autojm.fr\/blog\/wp-json\/wp\/v2\/types\/post"}],"author":[{"embeddable":true,"href":"https:\/\/www.autojm.fr\/blog\/wp-json\/wp\/v2\/users\/6"}],"replies":[{"embeddable":true,"href":"https:\/\/www.autojm.fr\/blog\/wp-json\/wp\/v2\/comments?post=12827"}],"version-history":[{"count":7,"href":"https:\/\/www.autojm.fr\/blog\/wp-json\/wp\/v2\/posts\/12827\/revisions"}],"predecessor-version":[{"id":12847,"href":"https:\/\/www.autojm.fr\/blog\/wp-json\/wp\/v2\/posts\/12827\/revisions\/12847"}],"wp:featuredmedia":[{"embeddable":true,"href":"https:\/\/www.autojm.fr\/blog\/wp-json\/wp\/v2\/media\/12829"}],"wp:attachment":[{"href":"https:\/\/www.autojm.fr\/blog\/wp-json\/wp\/v2\/media?parent=12827"}],"wp:term":[{"taxonomy":"category","embeddable":true,"href":"https:\/\/www.autojm.fr\/blog\/wp-json\/wp\/v2\/categories?post=12827"},{"taxonomy":"post_tag","embeddable":true,"href":"https:\/\/www.autojm.fr\/blog\/wp-json\/wp\/v2\/tags?post=12827"}],"curies":[{"name":"wp","href":"https:\/\/api.w.org\/{rel}","templated":true}]}}