{"id":12530,"date":"2023-09-11T12:32:20","date_gmt":"2023-09-11T12:32:20","guid":{"rendered":"https:\/\/www.autojm.fr\/blog\/?p=12530"},"modified":"2024-07-18T11:49:08","modified_gmt":"2024-07-18T11:49:08","slug":"quels-sont-les-meilleurs-suv-francais","status":"publish","type":"post","link":"https:\/\/www.autojm.fr\/blog\/quels-sont-les-meilleurs-suv-francais\/","title":{"rendered":"Quels sont les meilleurs SUV fran\u00e7ais ?\u00a0"},"content":{"rendered":"","protected":false},"excerpt":{"rendered":"<p>Pl\u00e9biscit\u00e9s dans le monde entier, les SUV ont \u00e9galement le vent en poupe dans l\u2019Hexagone avec des ventes qui ont \u00e9t\u00e9 multipli\u00e9es par 7 en 10 ans. Tr\u00e8s populaires en raison de leur polyvalence, les crossovers repr\u00e9sentent aujourd\u2019hui pr\u00e8s de 40% des voitures neuves en France. D\u00e9couvrez \u00e0 travers ce guide d\u2019achat notre Top 3 des meilleurs SUV du march\u00e9 automobile fran\u00e7ais afin de choisir le mod\u00e8le le plus adapt\u00e9 \u00e0 vos besoins. <\/p>\n","protected":false},"author":6,"featured_media":12532,"comment_status":"open","ping_status":"open","sticky":false,"template":"","format":"standard","meta":{"_acf_changed":false,"content-type":"","footnotes":""},"categories":[75],"tags":[88,336,333,314,91,103,318,90,301,188,87,79,92,74,105,368,111,94,110,98,207,259,106,83,80,108,73,78,193,214,169,96],"class_list":["post-12530","post","type-post","status-publish","format-standard","has-post-thumbnail","hentry","category-guide-dachat","tag-88","tag-336","tag-333","tag-314","tag-arkana","tag-audi","tag-austral","tag-autojm","tag-c3","tag-c5-aircross","tag-captur","tag-citroen","tag-clio-5","tag-dacia","tag-ds","tag-ds-7","tag-ds7","tag-duster","tag-fiat","tag-formentor","tag-golf-8","tag-hyundai","tag-kia","tag-leon-5-portes","tag-leon-sportstourer","tag-nissan","tag-peugeot","tag-renault","tag-skoda","tag-tiguan","tag-toyota","tag-volkswagen"],"acf":[],"yoast_head":"<!-- This site is optimized with the Yoast SEO plugin v27.4 - https:\/\/yoast.com\/product\/yoast-seo-wordpress\/ -->\n<title>Quels sont les meilleurs SUV fran\u00e7ais ?\u00a0 - AutoJM Mag<\/title>\n<meta name=\"description\" content=\"Pl\u00e9biscit\u00e9s dans le monde entier, les SUV ont \u00e9galement le vent en poupe dans l\u2019Hexagone avec des ventes qui ont \u00e9t\u00e9 multipli\u00e9es par 7 en...\" \/>\n<meta name=\"robots\" content=\"index, follow, max-snippet:-1, max-image-preview:large, max-video-preview:-1\" \/>\n<link rel=\"canonical\" href=\"https:\/\/www.autojm.fr\/blog\/quels-sont-les-meilleurs-suv-francais\/\" \/>\n<meta property=\"og:locale\" content=\"fr_FR\" \/>\n<meta property=\"og:type\" content=\"article\" \/>\n<meta property=\"og:title\" content=\"Quels sont les meilleurs SUV fran\u00e7ais ?\u00a0 - AutoJM Mag\" \/>\n<meta property=\"og:description\" content=\"Pl\u00e9biscit\u00e9s dans le monde entier, les SUV ont \u00e9galement le vent en poupe dans l\u2019Hexagone avec des ventes qui ont \u00e9t\u00e9 multipli\u00e9es par 7 en...\" \/>\n<meta property=\"og:url\" content=\"https:\/\/www.autojm.fr\/blog\/quels-sont-les-meilleurs-suv-francais\/\" \/>\n<meta property=\"og:site_name\" content=\"AutoJM Mag\" \/>\n<meta property=\"article:publisher\" content=\"https:\/\/www.facebook.com\/AutoJM25\" \/>\n<meta property=\"article:published_time\" content=\"2023-09-11T12:32:20+00:00\" \/>\n<meta property=\"article:modified_time\" content=\"2024-07-18T11:49:08+00:00\" \/>\n<meta property=\"og:image\" content=\"https:\/\/www.autojm.fr\/blog\/wp-content\/uploads\/2023\/09\/Peugeot-2008-1.jpg\" \/>\n\t<meta property=\"og:image:width\" content=\"1000\" \/>\n\t<meta property=\"og:image:height\" content=\"500\" \/>\n\t<meta property=\"og:image:type\" content=\"image\/jpeg\" \/>\n<meta name=\"author\" content=\"Justine Tripard\" \/>\n<meta name=\"twitter:card\" content=\"summary_large_image\" \/>\n<meta name=\"twitter:label1\" content=\"\u00c9crit par\" \/>\n\t<meta name=\"twitter:data1\" content=\"Justine Tripard\" \/>\n\t<meta name=\"twitter:label2\" content=\"Dur\u00e9e de lecture estim\u00e9e\" \/>\n\t<meta name=\"twitter:data2\" content=\"6 minutes\" \/>\n<script type=\"application\/ld+json\" class=\"yoast-schema-graph\">{\"@context\":\"https:\\\/\\\/schema.org\",\"@graph\":[{\"@type\":\"Article\",\"@id\":\"https:\\\/\\\/www.autojm.fr\\\/blog\\\/quels-sont-les-meilleurs-suv-francais\\\/#article\",\"isPartOf\":{\"@id\":\"https:\\\/\\\/www.autojm.fr\\\/blog\\\/quels-sont-les-meilleurs-suv-francais\\\/\"},\"author\":{\"name\":\"Justine Tripard\",\"@id\":\"https:\\\/\\\/www.autojm.fr\\\/blog\\\/#\\\/schema\\\/person\\\/1cc83a91548d88a62eb8cf06f562a72c\"},\"headline\":\"Quels sont les meilleurs SUV fran\u00e7ais ?\u00a0\",\"datePublished\":\"2023-09-11T12:32:20+00:00\",\"dateModified\":\"2024-07-18T11:49:08+00:00\",\"mainEntityOfPage\":{\"@id\":\"https:\\\/\\\/www.autojm.fr\\\/blog\\\/quels-sont-les-meilleurs-suv-francais\\\/\"},\"wordCount\":7,\"commentCount\":0,\"publisher\":{\"@id\":\"https:\\\/\\\/www.autojm.fr\\\/blog\\\/#organization\"},\"image\":{\"@id\":\"https:\\\/\\\/www.autojm.fr\\\/blog\\\/quels-sont-les-meilleurs-suv-francais\\\/#primaryimage\"},\"thumbnailUrl\":\"https:\\\/\\\/www.autojm.fr\\\/blog\\\/wp-content\\\/uploads\\\/2023\\\/09\\\/Peugeot-2008-1.jpg\",\"keywords\":[\"208\",\"3008\",\"308\",\"408\",\"arkana\",\"Audi\",\"Austral\",\"autojm\",\"C3\",\"C5 Aircross\",\"captur\",\"citroen\",\"Clio 5\",\"dacia\",\"DS\",\"DS 7\",\"DS7\",\"duster\",\"Fiat\",\"formentor\",\"Golf 8\",\"Hyundai\",\"Kia\",\"leon 5 portes\",\"leon sportstourer\",\"Nissan\",\"peugeot\",\"renault\",\"Skoda\",\"Tiguan\",\"Toyota\",\"Volkswagen\"],\"articleSection\":[\"Guides d'achat\"],\"inLanguage\":\"fr-FR\",\"potentialAction\":[{\"@type\":\"CommentAction\",\"name\":\"Comment\",\"target\":[\"https:\\\/\\\/www.autojm.fr\\\/blog\\\/quels-sont-les-meilleurs-suv-francais\\\/#respond\"]}]},{\"@type\":\"WebPage\",\"@id\":\"https:\\\/\\\/www.autojm.fr\\\/blog\\\/quels-sont-les-meilleurs-suv-francais\\\/\",\"url\":\"https:\\\/\\\/www.autojm.fr\\\/blog\\\/quels-sont-les-meilleurs-suv-francais\\\/\",\"name\":\"Quels sont les meilleurs SUV fran\u00e7ais ?\u00a0 - AutoJM Mag\",\"isPartOf\":{\"@id\":\"https:\\\/\\\/www.autojm.fr\\\/blog\\\/#website\"},\"primaryImageOfPage\":{\"@id\":\"https:\\\/\\\/www.autojm.fr\\\/blog\\\/quels-sont-les-meilleurs-suv-francais\\\/#primaryimage\"},\"image\":{\"@id\":\"https:\\\/\\\/www.autojm.fr\\\/blog\\\/quels-sont-les-meilleurs-suv-francais\\\/#primaryimage\"},\"thumbnailUrl\":\"https:\\\/\\\/www.autojm.fr\\\/blog\\\/wp-content\\\/uploads\\\/2023\\\/09\\\/Peugeot-2008-1.jpg\",\"datePublished\":\"2023-09-11T12:32:20+00:00\",\"dateModified\":\"2024-07-18T11:49:08+00:00\",\"description\":\"Pl\u00e9biscit\u00e9s dans le monde entier, les SUV ont \u00e9galement le vent en poupe dans l\u2019Hexagone avec des ventes qui ont \u00e9t\u00e9 multipli\u00e9es par 7 en...\",\"breadcrumb\":{\"@id\":\"https:\\\/\\\/www.autojm.fr\\\/blog\\\/quels-sont-les-meilleurs-suv-francais\\\/#breadcrumb\"},\"inLanguage\":\"fr-FR\",\"potentialAction\":[{\"@type\":\"ReadAction\",\"target\":[\"https:\\\/\\\/www.autojm.fr\\\/blog\\\/quels-sont-les-meilleurs-suv-francais\\\/\"]}]},{\"@type\":\"ImageObject\",\"inLanguage\":\"fr-FR\",\"@id\":\"https:\\\/\\\/www.autojm.fr\\\/blog\\\/quels-sont-les-meilleurs-suv-francais\\\/#primaryimage\",\"url\":\"https:\\\/\\\/www.autojm.fr\\\/blog\\\/wp-content\\\/uploads\\\/2023\\\/09\\\/Peugeot-2008-1.jpg\",\"contentUrl\":\"https:\\\/\\\/www.autojm.fr\\\/blog\\\/wp-content\\\/uploads\\\/2023\\\/09\\\/Peugeot-2008-1.jpg\",\"width\":1000,\"height\":500,\"caption\":\"Peugeot 2008\"},{\"@type\":\"BreadcrumbList\",\"@id\":\"https:\\\/\\\/www.autojm.fr\\\/blog\\\/quels-sont-les-meilleurs-suv-francais\\\/#breadcrumb\",\"itemListElement\":[{\"@type\":\"ListItem\",\"position\":1,\"name\":\"Accueil\",\"item\":\"https:\\\/\\\/www.autojm.fr\\\/blog\\\/\"},{\"@type\":\"ListItem\",\"position\":2,\"name\":\"Guides d'achat\",\"item\":\"https:\\\/\\\/www.autojm.fr\\\/blog\\\/guide-dachat\\\/\"},{\"@type\":\"ListItem\",\"position\":3,\"name\":\"Quels sont les meilleurs SUV fran\u00e7ais ?\u00a0\"}]},{\"@type\":\"WebSite\",\"@id\":\"https:\\\/\\\/www.autojm.fr\\\/blog\\\/#website\",\"url\":\"https:\\\/\\\/www.autojm.fr\\\/blog\\\/\",\"name\":\"AutoJM Mag\",\"description\":\"Toute l&#039;actu auto en 1 clic !\",\"publisher\":{\"@id\":\"https:\\\/\\\/www.autojm.fr\\\/blog\\\/#organization\"},\"potentialAction\":[{\"@type\":\"SearchAction\",\"target\":{\"@type\":\"EntryPoint\",\"urlTemplate\":\"https:\\\/\\\/www.autojm.fr\\\/blog\\\/?s={search_term_string}\"},\"query-input\":{\"@type\":\"PropertyValueSpecification\",\"valueRequired\":true,\"valueName\":\"search_term_string\"}}],\"inLanguage\":\"fr-FR\"},{\"@type\":\"Organization\",\"@id\":\"https:\\\/\\\/www.autojm.fr\\\/blog\\\/#organization\",\"name\":\"AutoJM Mag\",\"url\":\"https:\\\/\\\/www.autojm.fr\\\/blog\\\/\",\"logo\":{\"@type\":\"ImageObject\",\"inLanguage\":\"fr-FR\",\"@id\":\"https:\\\/\\\/www.autojm.fr\\\/blog\\\/#\\\/schema\\\/logo\\\/image\\\/\",\"url\":\"https:\\\/\\\/www.autojm.fr\\\/blog\\\/wp-content\\\/uploads\\\/2022\\\/12\\\/cropped-AutoJMag-png.png\",\"contentUrl\":\"https:\\\/\\\/www.autojm.fr\\\/blog\\\/wp-content\\\/uploads\\\/2022\\\/12\\\/cropped-AutoJMag-png.png\",\"width\":2834,\"height\":585,\"caption\":\"AutoJM Mag\"},\"image\":{\"@id\":\"https:\\\/\\\/www.autojm.fr\\\/blog\\\/#\\\/schema\\\/logo\\\/image\\\/\"},\"sameAs\":[\"https:\\\/\\\/www.facebook.com\\\/AutoJM25\"]},{\"@type\":\"Person\",\"@id\":\"https:\\\/\\\/www.autojm.fr\\\/blog\\\/#\\\/schema\\\/person\\\/1cc83a91548d88a62eb8cf06f562a72c\",\"name\":\"Justine Tripard\",\"image\":{\"@type\":\"ImageObject\",\"inLanguage\":\"fr-FR\",\"@id\":\"https:\\\/\\\/secure.gravatar.com\\\/avatar\\\/b8b45209a4cf0b7b127b9238ec348090e7302306d2485eeaab17b6761fe84991?s=96&d=mm&r=g\",\"url\":\"https:\\\/\\\/secure.gravatar.com\\\/avatar\\\/b8b45209a4cf0b7b127b9238ec348090e7302306d2485eeaab17b6761fe84991?s=96&d=mm&r=g\",\"contentUrl\":\"https:\\\/\\\/secure.gravatar.com\\\/avatar\\\/b8b45209a4cf0b7b127b9238ec348090e7302306d2485eeaab17b6761fe84991?s=96&d=mm&r=g\",\"caption\":\"Justine Tripard\"},\"url\":\"https:\\\/\\\/www.autojm.fr\\\/blog\\\/author\\\/justine\\\/\"}]}<\/script>\n<!-- \/ Yoast SEO plugin. -->","yoast_head_json":{"title":"Quels sont les meilleurs SUV fran\u00e7ais ?\u00a0 - AutoJM Mag","description":"Pl\u00e9biscit\u00e9s dans le monde entier, les SUV ont \u00e9galement le vent en poupe dans l\u2019Hexagone avec des ventes qui ont \u00e9t\u00e9 multipli\u00e9es par 7 en...","robots":{"index":"index","follow":"follow","max-snippet":"max-snippet:-1","max-image-preview":"max-image-preview:large","max-video-preview":"max-video-preview:-1"},"canonical":"https:\/\/www.autojm.fr\/blog\/quels-sont-les-meilleurs-suv-francais\/","og_locale":"fr_FR","og_type":"article","og_title":"Quels sont les meilleurs SUV fran\u00e7ais ?\u00a0 - AutoJM Mag","og_description":"Pl\u00e9biscit\u00e9s dans le monde entier, les SUV ont \u00e9galement le vent en poupe dans l\u2019Hexagone avec des ventes qui ont \u00e9t\u00e9 multipli\u00e9es par 7 en...","og_url":"https:\/\/www.autojm.fr\/blog\/quels-sont-les-meilleurs-suv-francais\/","og_site_name":"AutoJM Mag","article_publisher":"https:\/\/www.facebook.com\/AutoJM25","article_published_time":"2023-09-11T12:32:20+00:00","article_modified_time":"2024-07-18T11:49:08+00:00","og_image":[{"width":1000,"height":500,"url":"https:\/\/www.autojm.fr\/blog\/wp-content\/uploads\/2023\/09\/Peugeot-2008-1.jpg","type":"image\/jpeg"}],"author":"Justine Tripard","twitter_card":"summary_large_image","twitter_misc":{"\u00c9crit par":"Justine Tripard","Dur\u00e9e de lecture estim\u00e9e":"6 minutes"},"schema":{"@context":"https:\/\/schema.org","@graph":[{"@type":"Article","@id":"https:\/\/www.autojm.fr\/blog\/quels-sont-les-meilleurs-suv-francais\/#article","isPartOf":{"@id":"https:\/\/www.autojm.fr\/blog\/quels-sont-les-meilleurs-suv-francais\/"},"author":{"name":"Justine Tripard","@id":"https:\/\/www.autojm.fr\/blog\/#\/schema\/person\/1cc83a91548d88a62eb8cf06f562a72c"},"headline":"Quels sont les meilleurs SUV fran\u00e7ais ?\u00a0","datePublished":"2023-09-11T12:32:20+00:00","dateModified":"2024-07-18T11:49:08+00:00","mainEntityOfPage":{"@id":"https:\/\/www.autojm.fr\/blog\/quels-sont-les-meilleurs-suv-francais\/"},"wordCount":7,"commentCount":0,"publisher":{"@id":"https:\/\/www.autojm.fr\/blog\/#organization"},"image":{"@id":"https:\/\/www.autojm.fr\/blog\/quels-sont-les-meilleurs-suv-francais\/#primaryimage"},"thumbnailUrl":"https:\/\/www.autojm.fr\/blog\/wp-content\/uploads\/2023\/09\/Peugeot-2008-1.jpg","keywords":["208","3008","308","408","arkana","Audi","Austral","autojm","C3","C5 Aircross","captur","citroen","Clio 5","dacia","DS","DS 7","DS7","duster","Fiat","formentor","Golf 8","Hyundai","Kia","leon 5 portes","leon sportstourer","Nissan","peugeot","renault","Skoda","Tiguan","Toyota","Volkswagen"],"articleSection":["Guides d'achat"],"inLanguage":"fr-FR","potentialAction":[{"@type":"CommentAction","name":"Comment","target":["https:\/\/www.autojm.fr\/blog\/quels-sont-les-meilleurs-suv-francais\/#respond"]}]},{"@type":"WebPage","@id":"https:\/\/www.autojm.fr\/blog\/quels-sont-les-meilleurs-suv-francais\/","url":"https:\/\/www.autojm.fr\/blog\/quels-sont-les-meilleurs-suv-francais\/","name":"Quels sont les meilleurs SUV fran\u00e7ais ?\u00a0 - AutoJM Mag","isPartOf":{"@id":"https:\/\/www.autojm.fr\/blog\/#website"},"primaryImageOfPage":{"@id":"https:\/\/www.autojm.fr\/blog\/quels-sont-les-meilleurs-suv-francais\/#primaryimage"},"image":{"@id":"https:\/\/www.autojm.fr\/blog\/quels-sont-les-meilleurs-suv-francais\/#primaryimage"},"thumbnailUrl":"https:\/\/www.autojm.fr\/blog\/wp-content\/uploads\/2023\/09\/Peugeot-2008-1.jpg","datePublished":"2023-09-11T12:32:20+00:00","dateModified":"2024-07-18T11:49:08+00:00","description":"Pl\u00e9biscit\u00e9s dans le monde entier, les SUV ont \u00e9galement le vent en poupe dans l\u2019Hexagone avec des ventes qui ont \u00e9t\u00e9 multipli\u00e9es par 7 en...","breadcrumb":{"@id":"https:\/\/www.autojm.fr\/blog\/quels-sont-les-meilleurs-suv-francais\/#breadcrumb"},"inLanguage":"fr-FR","potentialAction":[{"@type":"ReadAction","target":["https:\/\/www.autojm.fr\/blog\/quels-sont-les-meilleurs-suv-francais\/"]}]},{"@type":"ImageObject","inLanguage":"fr-FR","@id":"https:\/\/www.autojm.fr\/blog\/quels-sont-les-meilleurs-suv-francais\/#primaryimage","url":"https:\/\/www.autojm.fr\/blog\/wp-content\/uploads\/2023\/09\/Peugeot-2008-1.jpg","contentUrl":"https:\/\/www.autojm.fr\/blog\/wp-content\/uploads\/2023\/09\/Peugeot-2008-1.jpg","width":1000,"height":500,"caption":"Peugeot 2008"},{"@type":"BreadcrumbList","@id":"https:\/\/www.autojm.fr\/blog\/quels-sont-les-meilleurs-suv-francais\/#breadcrumb","itemListElement":[{"@type":"ListItem","position":1,"name":"Accueil","item":"https:\/\/www.autojm.fr\/blog\/"},{"@type":"ListItem","position":2,"name":"Guides d'achat","item":"https:\/\/www.autojm.fr\/blog\/guide-dachat\/"},{"@type":"ListItem","position":3,"name":"Quels sont les meilleurs SUV fran\u00e7ais ?\u00a0"}]},{"@type":"WebSite","@id":"https:\/\/www.autojm.fr\/blog\/#website","url":"https:\/\/www.autojm.fr\/blog\/","name":"AutoJM Mag","description":"Toute l&#039;actu auto en 1 clic !","publisher":{"@id":"https:\/\/www.autojm.fr\/blog\/#organization"},"potentialAction":[{"@type":"SearchAction","target":{"@type":"EntryPoint","urlTemplate":"https:\/\/www.autojm.fr\/blog\/?s={search_term_string}"},"query-input":{"@type":"PropertyValueSpecification","valueRequired":true,"valueName":"search_term_string"}}],"inLanguage":"fr-FR"},{"@type":"Organization","@id":"https:\/\/www.autojm.fr\/blog\/#organization","name":"AutoJM Mag","url":"https:\/\/www.autojm.fr\/blog\/","logo":{"@type":"ImageObject","inLanguage":"fr-FR","@id":"https:\/\/www.autojm.fr\/blog\/#\/schema\/logo\/image\/","url":"https:\/\/www.autojm.fr\/blog\/wp-content\/uploads\/2022\/12\/cropped-AutoJMag-png.png","contentUrl":"https:\/\/www.autojm.fr\/blog\/wp-content\/uploads\/2022\/12\/cropped-AutoJMag-png.png","width":2834,"height":585,"caption":"AutoJM Mag"},"image":{"@id":"https:\/\/www.autojm.fr\/blog\/#\/schema\/logo\/image\/"},"sameAs":["https:\/\/www.facebook.com\/AutoJM25"]},{"@type":"Person","@id":"https:\/\/www.autojm.fr\/blog\/#\/schema\/person\/1cc83a91548d88a62eb8cf06f562a72c","name":"Justine Tripard","image":{"@type":"ImageObject","inLanguage":"fr-FR","@id":"https:\/\/secure.gravatar.com\/avatar\/b8b45209a4cf0b7b127b9238ec348090e7302306d2485eeaab17b6761fe84991?s=96&d=mm&r=g","url":"https:\/\/secure.gravatar.com\/avatar\/b8b45209a4cf0b7b127b9238ec348090e7302306d2485eeaab17b6761fe84991?s=96&d=mm&r=g","contentUrl":"https:\/\/secure.gravatar.com\/avatar\/b8b45209a4cf0b7b127b9238ec348090e7302306d2485eeaab17b6761fe84991?s=96&d=mm&r=g","caption":"Justine Tripard"},"url":"https:\/\/www.autojm.fr\/blog\/author\/justine\/"}]}},"_links":{"self":[{"href":"https:\/\/www.autojm.fr\/blog\/wp-json\/wp\/v2\/posts\/12530","targetHints":{"allow":["GET"]}}],"collection":[{"href":"https:\/\/www.autojm.fr\/blog\/wp-json\/wp\/v2\/posts"}],"about":[{"href":"https:\/\/www.autojm.fr\/blog\/wp-json\/wp\/v2\/types\/post"}],"author":[{"embeddable":true,"href":"https:\/\/www.autojm.fr\/blog\/wp-json\/wp\/v2\/users\/6"}],"replies":[{"embeddable":true,"href":"https:\/\/www.autojm.fr\/blog\/wp-json\/wp\/v2\/comments?post=12530"}],"version-history":[{"count":9,"href":"https:\/\/www.autojm.fr\/blog\/wp-json\/wp\/v2\/posts\/12530\/revisions"}],"predecessor-version":[{"id":18179,"href":"https:\/\/www.autojm.fr\/blog\/wp-json\/wp\/v2\/posts\/12530\/revisions\/18179"}],"wp:featuredmedia":[{"embeddable":true,"href":"https:\/\/www.autojm.fr\/blog\/wp-json\/wp\/v2\/media\/12532"}],"wp:attachment":[{"href":"https:\/\/www.autojm.fr\/blog\/wp-json\/wp\/v2\/media?parent=12530"}],"wp:term":[{"taxonomy":"category","embeddable":true,"href":"https:\/\/www.autojm.fr\/blog\/wp-json\/wp\/v2\/categories?post=12530"},{"taxonomy":"post_tag","embeddable":true,"href":"https:\/\/www.autojm.fr\/blog\/wp-json\/wp\/v2\/tags?post=12530"}],"curies":[{"name":"wp","href":"https:\/\/api.w.org\/{rel}","templated":true}]}}