{"id":11803,"date":"2023-07-28T14:47:34","date_gmt":"2023-07-28T14:47:34","guid":{"rendered":"https:\/\/www.autojm.fr\/blog\/?p=11803"},"modified":"2023-08-03T14:59:34","modified_gmt":"2023-08-03T14:59:34","slug":"dacia-spring-la-citadine-electrique-low-cost","status":"publish","type":"post","link":"https:\/\/www.autojm.fr\/blog\/dacia-spring-la-citadine-electrique-low-cost\/","title":{"rendered":"Dacia Spring : la citadine \u00e9lectrique low cost"},"content":{"rendered":"","protected":false},"excerpt":{"rendered":"<p>Avec plus de 15 000 unit\u00e9s vendues au premier semestre 2023, la Dacia Spring ne cesse de faire des \u00e9mules depuis son lancement \u00e0 l\u2019automne 2021 sur le march\u00e9 fran\u00e7ais de l\u2019auto. Fabriqu\u00e9e en Chine, la citadine \u00e9lectrique du constructeur roumain (filiale du groupe Renault) constitue la version europ\u00e9enne du Renault City K-ZE et se distingue par un look davantage typ\u00e9 SUV. Commercialis\u00e9 \u00e0 moins de 20 000 \u20ac, le mod\u00e8le qui poss\u00e8de jusqu\u2019\u00e0 305 km d\u2019autonomie permet de b\u00e9n\u00e9ficier du bonus \u00e9cologique en France. D\u00e9cryptage de la populaire Dacia Spring au tarif attractif. <\/p>\n","protected":false},"author":6,"featured_media":11823,"comment_status":"open","ping_status":"open","sticky":false,"template":"","format":"standard","meta":{"_acf_changed":false,"content-type":"","footnotes":""},"categories":[355],"tags":[88,336,333,314,91,318,90,301,188,87,85,92,74,105,111,94,98,259,106,83,80,108,73,78,174,214,169,96],"class_list":["post-11803","post","type-post","status-publish","format-standard","has-post-thumbnail","hentry","category-actualites-dacia","tag-88","tag-336","tag-333","tag-314","tag-arkana","tag-austral","tag-autojm","tag-c3","tag-c5-aircross","tag-captur","tag-citroen-2","tag-clio-5","tag-dacia","tag-ds","tag-ds7","tag-duster","tag-formentor","tag-hyundai","tag-kia","tag-leon-5-portes","tag-leon-sportstourer","tag-nissan","tag-peugeot","tag-renault","tag-seat","tag-tiguan","tag-toyota","tag-volkswagen"],"acf":[],"yoast_head":"<!-- This site is optimized with the Yoast SEO plugin v27.5 - https:\/\/yoast.com\/product\/yoast-seo-wordpress\/ -->\n<title>Dacia Spring : la citadine \u00e9lectrique low cost - AutoJM Mag<\/title>\n<meta name=\"description\" content=\"Avec plus de 15 000 unit\u00e9s vendues au premier semestre 2023, la Dacia Spring ne cesse de faire des \u00e9mules depuis son lancement...\" \/>\n<meta name=\"robots\" content=\"index, follow, max-snippet:-1, max-image-preview:large, max-video-preview:-1\" \/>\n<link rel=\"canonical\" href=\"https:\/\/www.autojm.fr\/blog\/dacia-spring-la-citadine-electrique-low-cost\/\" \/>\n<meta property=\"og:locale\" content=\"fr_FR\" \/>\n<meta property=\"og:type\" content=\"article\" \/>\n<meta property=\"og:title\" content=\"Dacia Spring : la citadine \u00e9lectrique low cost - AutoJM Mag\" \/>\n<meta property=\"og:description\" content=\"Avec plus de 15 000 unit\u00e9s vendues au premier semestre 2023, la Dacia Spring ne cesse de faire des \u00e9mules depuis son lancement...\" \/>\n<meta property=\"og:url\" content=\"https:\/\/www.autojm.fr\/blog\/dacia-spring-la-citadine-electrique-low-cost\/\" \/>\n<meta property=\"og:site_name\" content=\"AutoJM Mag\" \/>\n<meta property=\"article:publisher\" content=\"https:\/\/www.facebook.com\/AutoJM25\" \/>\n<meta property=\"article:published_time\" content=\"2023-07-28T14:47:34+00:00\" \/>\n<meta property=\"article:modified_time\" content=\"2023-08-03T14:59:34+00:00\" \/>\n<meta property=\"og:image\" content=\"https:\/\/www.autojm.fr\/blog\/wp-content\/uploads\/2023\/07\/Dacia-Spring-1.jpg\" \/>\n\t<meta property=\"og:image:width\" content=\"1000\" \/>\n\t<meta property=\"og:image:height\" content=\"500\" \/>\n\t<meta property=\"og:image:type\" content=\"image\/jpeg\" \/>\n<meta name=\"author\" content=\"Justine Tripard\" \/>\n<meta name=\"twitter:card\" content=\"summary_large_image\" \/>\n<meta name=\"twitter:label1\" content=\"\u00c9crit par\" \/>\n\t<meta name=\"twitter:data1\" content=\"Justine Tripard\" \/>\n<script type=\"application\/ld+json\" class=\"yoast-schema-graph\">{\"@context\":\"https:\\\/\\\/schema.org\",\"@graph\":[{\"@type\":\"Article\",\"@id\":\"https:\\\/\\\/www.autojm.fr\\\/blog\\\/dacia-spring-la-citadine-electrique-low-cost\\\/#article\",\"isPartOf\":{\"@id\":\"https:\\\/\\\/www.autojm.fr\\\/blog\\\/dacia-spring-la-citadine-electrique-low-cost\\\/\"},\"author\":{\"name\":\"Justine Tripard\",\"@id\":\"https:\\\/\\\/www.autojm.fr\\\/blog\\\/#\\\/schema\\\/person\\\/1cc83a91548d88a62eb8cf06f562a72c\"},\"headline\":\"Dacia Spring : la citadine \u00e9lectrique low cost\",\"datePublished\":\"2023-07-28T14:47:34+00:00\",\"dateModified\":\"2023-08-03T14:59:34+00:00\",\"mainEntityOfPage\":{\"@id\":\"https:\\\/\\\/www.autojm.fr\\\/blog\\\/dacia-spring-la-citadine-electrique-low-cost\\\/\"},\"wordCount\":7,\"commentCount\":0,\"publisher\":{\"@id\":\"https:\\\/\\\/www.autojm.fr\\\/blog\\\/#organization\"},\"image\":{\"@id\":\"https:\\\/\\\/www.autojm.fr\\\/blog\\\/dacia-spring-la-citadine-electrique-low-cost\\\/#primaryimage\"},\"thumbnailUrl\":\"https:\\\/\\\/www.autojm.fr\\\/blog\\\/wp-content\\\/uploads\\\/2023\\\/07\\\/Dacia-Spring-1.jpg\",\"keywords\":[\"208\",\"3008\",\"308\",\"408\",\"arkana\",\"Austral\",\"autojm\",\"C3\",\"C5 Aircross\",\"captur\",\"Citro\u00ebn\",\"Clio 5\",\"dacia\",\"DS\",\"DS7\",\"duster\",\"formentor\",\"Hyundai\",\"Kia\",\"leon 5 portes\",\"leon sportstourer\",\"Nissan\",\"peugeot\",\"renault\",\"Seat\",\"Tiguan\",\"Toyota\",\"Volkswagen\"],\"articleSection\":[\"Actualit\u00e9s Dacia\"],\"inLanguage\":\"fr-FR\",\"potentialAction\":[{\"@type\":\"CommentAction\",\"name\":\"Comment\",\"target\":[\"https:\\\/\\\/www.autojm.fr\\\/blog\\\/dacia-spring-la-citadine-electrique-low-cost\\\/#respond\"]}]},{\"@type\":\"WebPage\",\"@id\":\"https:\\\/\\\/www.autojm.fr\\\/blog\\\/dacia-spring-la-citadine-electrique-low-cost\\\/\",\"url\":\"https:\\\/\\\/www.autojm.fr\\\/blog\\\/dacia-spring-la-citadine-electrique-low-cost\\\/\",\"name\":\"Dacia Spring : la citadine \u00e9lectrique low cost - AutoJM Mag\",\"isPartOf\":{\"@id\":\"https:\\\/\\\/www.autojm.fr\\\/blog\\\/#website\"},\"primaryImageOfPage\":{\"@id\":\"https:\\\/\\\/www.autojm.fr\\\/blog\\\/dacia-spring-la-citadine-electrique-low-cost\\\/#primaryimage\"},\"image\":{\"@id\":\"https:\\\/\\\/www.autojm.fr\\\/blog\\\/dacia-spring-la-citadine-electrique-low-cost\\\/#primaryimage\"},\"thumbnailUrl\":\"https:\\\/\\\/www.autojm.fr\\\/blog\\\/wp-content\\\/uploads\\\/2023\\\/07\\\/Dacia-Spring-1.jpg\",\"datePublished\":\"2023-07-28T14:47:34+00:00\",\"dateModified\":\"2023-08-03T14:59:34+00:00\",\"description\":\"Avec plus de 15 000 unit\u00e9s vendues au premier semestre 2023, la Dacia Spring ne cesse de faire des \u00e9mules depuis son lancement...\",\"breadcrumb\":{\"@id\":\"https:\\\/\\\/www.autojm.fr\\\/blog\\\/dacia-spring-la-citadine-electrique-low-cost\\\/#breadcrumb\"},\"inLanguage\":\"fr-FR\",\"potentialAction\":[{\"@type\":\"ReadAction\",\"target\":[\"https:\\\/\\\/www.autojm.fr\\\/blog\\\/dacia-spring-la-citadine-electrique-low-cost\\\/\"]}]},{\"@type\":\"ImageObject\",\"inLanguage\":\"fr-FR\",\"@id\":\"https:\\\/\\\/www.autojm.fr\\\/blog\\\/dacia-spring-la-citadine-electrique-low-cost\\\/#primaryimage\",\"url\":\"https:\\\/\\\/www.autojm.fr\\\/blog\\\/wp-content\\\/uploads\\\/2023\\\/07\\\/Dacia-Spring-1.jpg\",\"contentUrl\":\"https:\\\/\\\/www.autojm.fr\\\/blog\\\/wp-content\\\/uploads\\\/2023\\\/07\\\/Dacia-Spring-1.jpg\",\"width\":1000,\"height\":500,\"caption\":\"Dacia Spring\"},{\"@type\":\"BreadcrumbList\",\"@id\":\"https:\\\/\\\/www.autojm.fr\\\/blog\\\/dacia-spring-la-citadine-electrique-low-cost\\\/#breadcrumb\",\"itemListElement\":[{\"@type\":\"ListItem\",\"position\":1,\"name\":\"Accueil\",\"item\":\"https:\\\/\\\/www.autojm.fr\\\/blog\\\/\"},{\"@type\":\"ListItem\",\"position\":2,\"name\":\"Actualit\u00e9 Automobile\",\"item\":\"https:\\\/\\\/www.autojm.fr\\\/blog\\\/actualite-automobile\\\/\"},{\"@type\":\"ListItem\",\"position\":3,\"name\":\"Actualit\u00e9s Dacia\",\"item\":\"https:\\\/\\\/www.autojm.fr\\\/blog\\\/actualite-automobile\\\/actualites-dacia\\\/\"},{\"@type\":\"ListItem\",\"position\":4,\"name\":\"Dacia Spring : la citadine \u00e9lectrique low cost\"}]},{\"@type\":\"WebSite\",\"@id\":\"https:\\\/\\\/www.autojm.fr\\\/blog\\\/#website\",\"url\":\"https:\\\/\\\/www.autojm.fr\\\/blog\\\/\",\"name\":\"AutoJM Mag\",\"description\":\"Toute l&#039;actu auto en 1 clic !\",\"publisher\":{\"@id\":\"https:\\\/\\\/www.autojm.fr\\\/blog\\\/#organization\"},\"potentialAction\":[{\"@type\":\"SearchAction\",\"target\":{\"@type\":\"EntryPoint\",\"urlTemplate\":\"https:\\\/\\\/www.autojm.fr\\\/blog\\\/?s={search_term_string}\"},\"query-input\":{\"@type\":\"PropertyValueSpecification\",\"valueRequired\":true,\"valueName\":\"search_term_string\"}}],\"inLanguage\":\"fr-FR\"},{\"@type\":\"Organization\",\"@id\":\"https:\\\/\\\/www.autojm.fr\\\/blog\\\/#organization\",\"name\":\"AutoJM Mag\",\"url\":\"https:\\\/\\\/www.autojm.fr\\\/blog\\\/\",\"logo\":{\"@type\":\"ImageObject\",\"inLanguage\":\"fr-FR\",\"@id\":\"https:\\\/\\\/www.autojm.fr\\\/blog\\\/#\\\/schema\\\/logo\\\/image\\\/\",\"url\":\"https:\\\/\\\/www.autojm.fr\\\/blog\\\/wp-content\\\/uploads\\\/2022\\\/12\\\/cropped-AutoJMag-png.png\",\"contentUrl\":\"https:\\\/\\\/www.autojm.fr\\\/blog\\\/wp-content\\\/uploads\\\/2022\\\/12\\\/cropped-AutoJMag-png.png\",\"width\":2834,\"height\":585,\"caption\":\"AutoJM Mag\"},\"image\":{\"@id\":\"https:\\\/\\\/www.autojm.fr\\\/blog\\\/#\\\/schema\\\/logo\\\/image\\\/\"},\"sameAs\":[\"https:\\\/\\\/www.facebook.com\\\/AutoJM25\"]},{\"@type\":\"Person\",\"@id\":\"https:\\\/\\\/www.autojm.fr\\\/blog\\\/#\\\/schema\\\/person\\\/1cc83a91548d88a62eb8cf06f562a72c\",\"name\":\"Justine Tripard\",\"image\":{\"@type\":\"ImageObject\",\"inLanguage\":\"fr-FR\",\"@id\":\"https:\\\/\\\/secure.gravatar.com\\\/avatar\\\/b8b45209a4cf0b7b127b9238ec348090e7302306d2485eeaab17b6761fe84991?s=96&d=mm&r=g\",\"url\":\"https:\\\/\\\/secure.gravatar.com\\\/avatar\\\/b8b45209a4cf0b7b127b9238ec348090e7302306d2485eeaab17b6761fe84991?s=96&d=mm&r=g\",\"contentUrl\":\"https:\\\/\\\/secure.gravatar.com\\\/avatar\\\/b8b45209a4cf0b7b127b9238ec348090e7302306d2485eeaab17b6761fe84991?s=96&d=mm&r=g\",\"caption\":\"Justine Tripard\"},\"url\":\"https:\\\/\\\/www.autojm.fr\\\/blog\\\/author\\\/justine\\\/\"}]}<\/script>\n<!-- \/ Yoast SEO plugin. -->","yoast_head_json":{"title":"Dacia Spring : la citadine \u00e9lectrique low cost - AutoJM Mag","description":"Avec plus de 15 000 unit\u00e9s vendues au premier semestre 2023, la Dacia Spring ne cesse de faire des \u00e9mules depuis son lancement...","robots":{"index":"index","follow":"follow","max-snippet":"max-snippet:-1","max-image-preview":"max-image-preview:large","max-video-preview":"max-video-preview:-1"},"canonical":"https:\/\/www.autojm.fr\/blog\/dacia-spring-la-citadine-electrique-low-cost\/","og_locale":"fr_FR","og_type":"article","og_title":"Dacia Spring : la citadine \u00e9lectrique low cost - AutoJM Mag","og_description":"Avec plus de 15 000 unit\u00e9s vendues au premier semestre 2023, la Dacia Spring ne cesse de faire des \u00e9mules depuis son lancement...","og_url":"https:\/\/www.autojm.fr\/blog\/dacia-spring-la-citadine-electrique-low-cost\/","og_site_name":"AutoJM Mag","article_publisher":"https:\/\/www.facebook.com\/AutoJM25","article_published_time":"2023-07-28T14:47:34+00:00","article_modified_time":"2023-08-03T14:59:34+00:00","og_image":[{"width":1000,"height":500,"url":"https:\/\/www.autojm.fr\/blog\/wp-content\/uploads\/2023\/07\/Dacia-Spring-1.jpg","type":"image\/jpeg"}],"author":"Justine Tripard","twitter_card":"summary_large_image","twitter_misc":{"\u00c9crit par":"Justine Tripard"},"schema":{"@context":"https:\/\/schema.org","@graph":[{"@type":"Article","@id":"https:\/\/www.autojm.fr\/blog\/dacia-spring-la-citadine-electrique-low-cost\/#article","isPartOf":{"@id":"https:\/\/www.autojm.fr\/blog\/dacia-spring-la-citadine-electrique-low-cost\/"},"author":{"name":"Justine Tripard","@id":"https:\/\/www.autojm.fr\/blog\/#\/schema\/person\/1cc83a91548d88a62eb8cf06f562a72c"},"headline":"Dacia Spring : la citadine \u00e9lectrique low cost","datePublished":"2023-07-28T14:47:34+00:00","dateModified":"2023-08-03T14:59:34+00:00","mainEntityOfPage":{"@id":"https:\/\/www.autojm.fr\/blog\/dacia-spring-la-citadine-electrique-low-cost\/"},"wordCount":7,"commentCount":0,"publisher":{"@id":"https:\/\/www.autojm.fr\/blog\/#organization"},"image":{"@id":"https:\/\/www.autojm.fr\/blog\/dacia-spring-la-citadine-electrique-low-cost\/#primaryimage"},"thumbnailUrl":"https:\/\/www.autojm.fr\/blog\/wp-content\/uploads\/2023\/07\/Dacia-Spring-1.jpg","keywords":["208","3008","308","408","arkana","Austral","autojm","C3","C5 Aircross","captur","Citro\u00ebn","Clio 5","dacia","DS","DS7","duster","formentor","Hyundai","Kia","leon 5 portes","leon sportstourer","Nissan","peugeot","renault","Seat","Tiguan","Toyota","Volkswagen"],"articleSection":["Actualit\u00e9s Dacia"],"inLanguage":"fr-FR","potentialAction":[{"@type":"CommentAction","name":"Comment","target":["https:\/\/www.autojm.fr\/blog\/dacia-spring-la-citadine-electrique-low-cost\/#respond"]}]},{"@type":"WebPage","@id":"https:\/\/www.autojm.fr\/blog\/dacia-spring-la-citadine-electrique-low-cost\/","url":"https:\/\/www.autojm.fr\/blog\/dacia-spring-la-citadine-electrique-low-cost\/","name":"Dacia Spring : la citadine \u00e9lectrique low cost - AutoJM Mag","isPartOf":{"@id":"https:\/\/www.autojm.fr\/blog\/#website"},"primaryImageOfPage":{"@id":"https:\/\/www.autojm.fr\/blog\/dacia-spring-la-citadine-electrique-low-cost\/#primaryimage"},"image":{"@id":"https:\/\/www.autojm.fr\/blog\/dacia-spring-la-citadine-electrique-low-cost\/#primaryimage"},"thumbnailUrl":"https:\/\/www.autojm.fr\/blog\/wp-content\/uploads\/2023\/07\/Dacia-Spring-1.jpg","datePublished":"2023-07-28T14:47:34+00:00","dateModified":"2023-08-03T14:59:34+00:00","description":"Avec plus de 15 000 unit\u00e9s vendues au premier semestre 2023, la Dacia Spring ne cesse de faire des \u00e9mules depuis son lancement...","breadcrumb":{"@id":"https:\/\/www.autojm.fr\/blog\/dacia-spring-la-citadine-electrique-low-cost\/#breadcrumb"},"inLanguage":"fr-FR","potentialAction":[{"@type":"ReadAction","target":["https:\/\/www.autojm.fr\/blog\/dacia-spring-la-citadine-electrique-low-cost\/"]}]},{"@type":"ImageObject","inLanguage":"fr-FR","@id":"https:\/\/www.autojm.fr\/blog\/dacia-spring-la-citadine-electrique-low-cost\/#primaryimage","url":"https:\/\/www.autojm.fr\/blog\/wp-content\/uploads\/2023\/07\/Dacia-Spring-1.jpg","contentUrl":"https:\/\/www.autojm.fr\/blog\/wp-content\/uploads\/2023\/07\/Dacia-Spring-1.jpg","width":1000,"height":500,"caption":"Dacia Spring"},{"@type":"BreadcrumbList","@id":"https:\/\/www.autojm.fr\/blog\/dacia-spring-la-citadine-electrique-low-cost\/#breadcrumb","itemListElement":[{"@type":"ListItem","position":1,"name":"Accueil","item":"https:\/\/www.autojm.fr\/blog\/"},{"@type":"ListItem","position":2,"name":"Actualit\u00e9 Automobile","item":"https:\/\/www.autojm.fr\/blog\/actualite-automobile\/"},{"@type":"ListItem","position":3,"name":"Actualit\u00e9s Dacia","item":"https:\/\/www.autojm.fr\/blog\/actualite-automobile\/actualites-dacia\/"},{"@type":"ListItem","position":4,"name":"Dacia Spring : la citadine \u00e9lectrique low cost"}]},{"@type":"WebSite","@id":"https:\/\/www.autojm.fr\/blog\/#website","url":"https:\/\/www.autojm.fr\/blog\/","name":"AutoJM Mag","description":"Toute l&#039;actu auto en 1 clic !","publisher":{"@id":"https:\/\/www.autojm.fr\/blog\/#organization"},"potentialAction":[{"@type":"SearchAction","target":{"@type":"EntryPoint","urlTemplate":"https:\/\/www.autojm.fr\/blog\/?s={search_term_string}"},"query-input":{"@type":"PropertyValueSpecification","valueRequired":true,"valueName":"search_term_string"}}],"inLanguage":"fr-FR"},{"@type":"Organization","@id":"https:\/\/www.autojm.fr\/blog\/#organization","name":"AutoJM Mag","url":"https:\/\/www.autojm.fr\/blog\/","logo":{"@type":"ImageObject","inLanguage":"fr-FR","@id":"https:\/\/www.autojm.fr\/blog\/#\/schema\/logo\/image\/","url":"https:\/\/www.autojm.fr\/blog\/wp-content\/uploads\/2022\/12\/cropped-AutoJMag-png.png","contentUrl":"https:\/\/www.autojm.fr\/blog\/wp-content\/uploads\/2022\/12\/cropped-AutoJMag-png.png","width":2834,"height":585,"caption":"AutoJM Mag"},"image":{"@id":"https:\/\/www.autojm.fr\/blog\/#\/schema\/logo\/image\/"},"sameAs":["https:\/\/www.facebook.com\/AutoJM25"]},{"@type":"Person","@id":"https:\/\/www.autojm.fr\/blog\/#\/schema\/person\/1cc83a91548d88a62eb8cf06f562a72c","name":"Justine Tripard","image":{"@type":"ImageObject","inLanguage":"fr-FR","@id":"https:\/\/secure.gravatar.com\/avatar\/b8b45209a4cf0b7b127b9238ec348090e7302306d2485eeaab17b6761fe84991?s=96&d=mm&r=g","url":"https:\/\/secure.gravatar.com\/avatar\/b8b45209a4cf0b7b127b9238ec348090e7302306d2485eeaab17b6761fe84991?s=96&d=mm&r=g","contentUrl":"https:\/\/secure.gravatar.com\/avatar\/b8b45209a4cf0b7b127b9238ec348090e7302306d2485eeaab17b6761fe84991?s=96&d=mm&r=g","caption":"Justine Tripard"},"url":"https:\/\/www.autojm.fr\/blog\/author\/justine\/"}]}},"_links":{"self":[{"href":"https:\/\/www.autojm.fr\/blog\/wp-json\/wp\/v2\/posts\/11803","targetHints":{"allow":["GET"]}}],"collection":[{"href":"https:\/\/www.autojm.fr\/blog\/wp-json\/wp\/v2\/posts"}],"about":[{"href":"https:\/\/www.autojm.fr\/blog\/wp-json\/wp\/v2\/types\/post"}],"author":[{"embeddable":true,"href":"https:\/\/www.autojm.fr\/blog\/wp-json\/wp\/v2\/users\/6"}],"replies":[{"embeddable":true,"href":"https:\/\/www.autojm.fr\/blog\/wp-json\/wp\/v2\/comments?post=11803"}],"version-history":[{"count":11,"href":"https:\/\/www.autojm.fr\/blog\/wp-json\/wp\/v2\/posts\/11803\/revisions"}],"predecessor-version":[{"id":11898,"href":"https:\/\/www.autojm.fr\/blog\/wp-json\/wp\/v2\/posts\/11803\/revisions\/11898"}],"wp:featuredmedia":[{"embeddable":true,"href":"https:\/\/www.autojm.fr\/blog\/wp-json\/wp\/v2\/media\/11823"}],"wp:attachment":[{"href":"https:\/\/www.autojm.fr\/blog\/wp-json\/wp\/v2\/media?parent=11803"}],"wp:term":[{"taxonomy":"category","embeddable":true,"href":"https:\/\/www.autojm.fr\/blog\/wp-json\/wp\/v2\/categories?post=11803"},{"taxonomy":"post_tag","embeddable":true,"href":"https:\/\/www.autojm.fr\/blog\/wp-json\/wp\/v2\/tags?post=11803"}],"curies":[{"name":"wp","href":"https:\/\/api.w.org\/{rel}","templated":true}]}}