{"id":11689,"date":"2023-07-21T06:35:51","date_gmt":"2023-07-21T06:35:51","guid":{"rendered":"https:\/\/www.autojm.fr\/blog\/?p=11689"},"modified":"2023-07-24T12:21:59","modified_gmt":"2023-07-24T12:21:59","slug":"renault-poursuit-sa-revolution-avec-la-megane-e-tech-100-electrique","status":"publish","type":"post","link":"https:\/\/www.autojm.fr\/blog\/renault-poursuit-sa-revolution-avec-la-megane-e-tech-100-electrique\/","title":{"rendered":"Renault poursuit sa r\u00e9volution avec la Megane E-Tech 100% \u00e9lectrique\u00a0\u00a0"},"content":{"rendered":"","protected":false},"excerpt":{"rendered":"<p>Commercialis\u00e9e depuis d\u00e9but 2022, la Renault Megane E-Tech 100% \u00e9lectrique incarne la transition de la marque au Losange pour basculer tous ses mod\u00e8les en z\u00e9ro \u00e9mission d\u2019ici 2030 en Europe. Cette strat\u00e9gie s\u2019inscrit dans le cadre du projet Renaulution avec en parall\u00e8le l\u2019\u00e9lectrification des Kangoo E-Tech, Trafic E-Tech et autre Renault Sc\u00e9nic programm\u00e9e pour la fin de l\u2019ann\u00e9e. D\u00e9couvrez toutes les caract\u00e9ristiques de la Renault Megane E-Tech 100% \u00e9lectrique. <\/p>\n","protected":false},"author":6,"featured_media":11691,"comment_status":"open","ping_status":"open","sticky":false,"template":"","format":"standard","meta":{"_acf_changed":false,"content-type":"","footnotes":""},"categories":[3],"tags":[88,336,333,314,91,318,90,301,188,87,85,92,74,105,111,94,98,259,106,83,80,108,73,78,174,169],"class_list":["post-11689","post","type-post","status-publish","format-standard","has-post-thumbnail","hentry","category-actualites-renault","tag-88","tag-336","tag-333","tag-314","tag-arkana","tag-austral","tag-autojm","tag-c3","tag-c5-aircross","tag-captur","tag-citroen-2","tag-clio-5","tag-dacia","tag-ds","tag-ds7","tag-duster","tag-formentor","tag-hyundai","tag-kia","tag-leon-5-portes","tag-leon-sportstourer","tag-nissan","tag-peugeot","tag-renault","tag-seat","tag-toyota"],"acf":[],"yoast_head":"<!-- This site is optimized with the Yoast SEO plugin v27.5 - https:\/\/yoast.com\/product\/yoast-seo-wordpress\/ -->\n<title>Renault poursuit sa r\u00e9volution avec la Megane E-Tech 100% \u00e9lectrique\u00a0\u00a0<\/title>\n<meta name=\"description\" content=\"Commercialis\u00e9e depuis d\u00e9but 2022, la Renault Megane E-Tech 100% \u00e9lectrique incarne la transition de la marque au Losange pour basculer...\" \/>\n<meta name=\"robots\" content=\"index, follow, max-snippet:-1, max-image-preview:large, max-video-preview:-1\" \/>\n<link rel=\"canonical\" href=\"https:\/\/www.autojm.fr\/blog\/renault-poursuit-sa-revolution-avec-la-megane-e-tech-100-electrique\/\" \/>\n<meta property=\"og:locale\" content=\"fr_FR\" \/>\n<meta property=\"og:type\" content=\"article\" \/>\n<meta property=\"og:title\" content=\"Renault poursuit sa r\u00e9volution avec la Megane E-Tech 100% \u00e9lectrique\u00a0\u00a0\" \/>\n<meta property=\"og:description\" content=\"Commercialis\u00e9e depuis d\u00e9but 2022, la Renault Megane E-Tech 100% \u00e9lectrique incarne la transition de la marque au Losange pour basculer...\" \/>\n<meta property=\"og:url\" content=\"https:\/\/www.autojm.fr\/blog\/renault-poursuit-sa-revolution-avec-la-megane-e-tech-100-electrique\/\" \/>\n<meta property=\"og:site_name\" content=\"AutoJM Mag\" \/>\n<meta property=\"article:publisher\" content=\"https:\/\/www.facebook.com\/AutoJM25\" \/>\n<meta property=\"article:published_time\" content=\"2023-07-21T06:35:51+00:00\" \/>\n<meta property=\"article:modified_time\" content=\"2023-07-24T12:21:59+00:00\" \/>\n<meta property=\"og:image\" content=\"https:\/\/www.autojm.fr\/blog\/wp-content\/uploads\/2023\/07\/Renault-Megane-E-Tech-100-electrique.jpg\" \/>\n\t<meta property=\"og:image:width\" content=\"1000\" \/>\n\t<meta property=\"og:image:height\" content=\"500\" \/>\n\t<meta property=\"og:image:type\" content=\"image\/jpeg\" \/>\n<meta name=\"author\" content=\"Justine Tripard\" \/>\n<meta name=\"twitter:card\" content=\"summary_large_image\" \/>\n<meta name=\"twitter:label1\" content=\"\u00c9crit par\" \/>\n\t<meta name=\"twitter:data1\" content=\"Justine Tripard\" \/>\n<script type=\"application\/ld+json\" class=\"yoast-schema-graph\">{\"@context\":\"https:\\\/\\\/schema.org\",\"@graph\":[{\"@type\":\"Article\",\"@id\":\"https:\\\/\\\/www.autojm.fr\\\/blog\\\/renault-poursuit-sa-revolution-avec-la-megane-e-tech-100-electrique\\\/#article\",\"isPartOf\":{\"@id\":\"https:\\\/\\\/www.autojm.fr\\\/blog\\\/renault-poursuit-sa-revolution-avec-la-megane-e-tech-100-electrique\\\/\"},\"author\":{\"name\":\"Justine Tripard\",\"@id\":\"https:\\\/\\\/www.autojm.fr\\\/blog\\\/#\\\/schema\\\/person\\\/1cc83a91548d88a62eb8cf06f562a72c\"},\"headline\":\"Renault poursuit sa r\u00e9volution avec la Megane E-Tech 100% \u00e9lectrique\u00a0\u00a0\",\"datePublished\":\"2023-07-21T06:35:51+00:00\",\"dateModified\":\"2023-07-24T12:21:59+00:00\",\"mainEntityOfPage\":{\"@id\":\"https:\\\/\\\/www.autojm.fr\\\/blog\\\/renault-poursuit-sa-revolution-avec-la-megane-e-tech-100-electrique\\\/\"},\"wordCount\":10,\"commentCount\":0,\"publisher\":{\"@id\":\"https:\\\/\\\/www.autojm.fr\\\/blog\\\/#organization\"},\"image\":{\"@id\":\"https:\\\/\\\/www.autojm.fr\\\/blog\\\/renault-poursuit-sa-revolution-avec-la-megane-e-tech-100-electrique\\\/#primaryimage\"},\"thumbnailUrl\":\"https:\\\/\\\/www.autojm.fr\\\/blog\\\/wp-content\\\/uploads\\\/2023\\\/07\\\/Renault-Megane-E-Tech-100-electrique.jpg\",\"keywords\":[\"208\",\"3008\",\"308\",\"408\",\"arkana\",\"Austral\",\"autojm\",\"C3\",\"C5 Aircross\",\"captur\",\"Citro\u00ebn\",\"Clio 5\",\"dacia\",\"DS\",\"DS7\",\"duster\",\"formentor\",\"Hyundai\",\"Kia\",\"leon 5 portes\",\"leon sportstourer\",\"Nissan\",\"peugeot\",\"renault\",\"Seat\",\"Toyota\"],\"articleSection\":[\"Actualit\u00e9s Renault\"],\"inLanguage\":\"fr-FR\",\"potentialAction\":[{\"@type\":\"CommentAction\",\"name\":\"Comment\",\"target\":[\"https:\\\/\\\/www.autojm.fr\\\/blog\\\/renault-poursuit-sa-revolution-avec-la-megane-e-tech-100-electrique\\\/#respond\"]}]},{\"@type\":\"WebPage\",\"@id\":\"https:\\\/\\\/www.autojm.fr\\\/blog\\\/renault-poursuit-sa-revolution-avec-la-megane-e-tech-100-electrique\\\/\",\"url\":\"https:\\\/\\\/www.autojm.fr\\\/blog\\\/renault-poursuit-sa-revolution-avec-la-megane-e-tech-100-electrique\\\/\",\"name\":\"Renault poursuit sa r\u00e9volution avec la Megane E-Tech 100% \u00e9lectrique\u00a0\u00a0\",\"isPartOf\":{\"@id\":\"https:\\\/\\\/www.autojm.fr\\\/blog\\\/#website\"},\"primaryImageOfPage\":{\"@id\":\"https:\\\/\\\/www.autojm.fr\\\/blog\\\/renault-poursuit-sa-revolution-avec-la-megane-e-tech-100-electrique\\\/#primaryimage\"},\"image\":{\"@id\":\"https:\\\/\\\/www.autojm.fr\\\/blog\\\/renault-poursuit-sa-revolution-avec-la-megane-e-tech-100-electrique\\\/#primaryimage\"},\"thumbnailUrl\":\"https:\\\/\\\/www.autojm.fr\\\/blog\\\/wp-content\\\/uploads\\\/2023\\\/07\\\/Renault-Megane-E-Tech-100-electrique.jpg\",\"datePublished\":\"2023-07-21T06:35:51+00:00\",\"dateModified\":\"2023-07-24T12:21:59+00:00\",\"description\":\"Commercialis\u00e9e depuis d\u00e9but 2022, la Renault Megane E-Tech 100% \u00e9lectrique incarne la transition de la marque au Losange pour basculer...\",\"breadcrumb\":{\"@id\":\"https:\\\/\\\/www.autojm.fr\\\/blog\\\/renault-poursuit-sa-revolution-avec-la-megane-e-tech-100-electrique\\\/#breadcrumb\"},\"inLanguage\":\"fr-FR\",\"potentialAction\":[{\"@type\":\"ReadAction\",\"target\":[\"https:\\\/\\\/www.autojm.fr\\\/blog\\\/renault-poursuit-sa-revolution-avec-la-megane-e-tech-100-electrique\\\/\"]}]},{\"@type\":\"ImageObject\",\"inLanguage\":\"fr-FR\",\"@id\":\"https:\\\/\\\/www.autojm.fr\\\/blog\\\/renault-poursuit-sa-revolution-avec-la-megane-e-tech-100-electrique\\\/#primaryimage\",\"url\":\"https:\\\/\\\/www.autojm.fr\\\/blog\\\/wp-content\\\/uploads\\\/2023\\\/07\\\/Renault-Megane-E-Tech-100-electrique.jpg\",\"contentUrl\":\"https:\\\/\\\/www.autojm.fr\\\/blog\\\/wp-content\\\/uploads\\\/2023\\\/07\\\/Renault-Megane-E-Tech-100-electrique.jpg\",\"width\":1000,\"height\":500,\"caption\":\"Renault Megane E-Tech 100% \u00e9lectrique\"},{\"@type\":\"BreadcrumbList\",\"@id\":\"https:\\\/\\\/www.autojm.fr\\\/blog\\\/renault-poursuit-sa-revolution-avec-la-megane-e-tech-100-electrique\\\/#breadcrumb\",\"itemListElement\":[{\"@type\":\"ListItem\",\"position\":1,\"name\":\"Accueil\",\"item\":\"https:\\\/\\\/www.autojm.fr\\\/blog\\\/\"},{\"@type\":\"ListItem\",\"position\":2,\"name\":\"Actualit\u00e9 Automobile\",\"item\":\"https:\\\/\\\/www.autojm.fr\\\/blog\\\/actualite-automobile\\\/\"},{\"@type\":\"ListItem\",\"position\":3,\"name\":\"Actualit\u00e9s Renault\",\"item\":\"https:\\\/\\\/www.autojm.fr\\\/blog\\\/actualite-automobile\\\/actualites-renault\\\/\"},{\"@type\":\"ListItem\",\"position\":4,\"name\":\"Renault poursuit sa r\u00e9volution avec la Megane E-Tech 100% \u00e9lectrique\u00a0\u00a0\"}]},{\"@type\":\"WebSite\",\"@id\":\"https:\\\/\\\/www.autojm.fr\\\/blog\\\/#website\",\"url\":\"https:\\\/\\\/www.autojm.fr\\\/blog\\\/\",\"name\":\"AutoJM Mag\",\"description\":\"Toute l&#039;actu auto en 1 clic !\",\"publisher\":{\"@id\":\"https:\\\/\\\/www.autojm.fr\\\/blog\\\/#organization\"},\"potentialAction\":[{\"@type\":\"SearchAction\",\"target\":{\"@type\":\"EntryPoint\",\"urlTemplate\":\"https:\\\/\\\/www.autojm.fr\\\/blog\\\/?s={search_term_string}\"},\"query-input\":{\"@type\":\"PropertyValueSpecification\",\"valueRequired\":true,\"valueName\":\"search_term_string\"}}],\"inLanguage\":\"fr-FR\"},{\"@type\":\"Organization\",\"@id\":\"https:\\\/\\\/www.autojm.fr\\\/blog\\\/#organization\",\"name\":\"AutoJM Mag\",\"url\":\"https:\\\/\\\/www.autojm.fr\\\/blog\\\/\",\"logo\":{\"@type\":\"ImageObject\",\"inLanguage\":\"fr-FR\",\"@id\":\"https:\\\/\\\/www.autojm.fr\\\/blog\\\/#\\\/schema\\\/logo\\\/image\\\/\",\"url\":\"https:\\\/\\\/www.autojm.fr\\\/blog\\\/wp-content\\\/uploads\\\/2022\\\/12\\\/cropped-AutoJMag-png.png\",\"contentUrl\":\"https:\\\/\\\/www.autojm.fr\\\/blog\\\/wp-content\\\/uploads\\\/2022\\\/12\\\/cropped-AutoJMag-png.png\",\"width\":2834,\"height\":585,\"caption\":\"AutoJM Mag\"},\"image\":{\"@id\":\"https:\\\/\\\/www.autojm.fr\\\/blog\\\/#\\\/schema\\\/logo\\\/image\\\/\"},\"sameAs\":[\"https:\\\/\\\/www.facebook.com\\\/AutoJM25\"]},{\"@type\":\"Person\",\"@id\":\"https:\\\/\\\/www.autojm.fr\\\/blog\\\/#\\\/schema\\\/person\\\/1cc83a91548d88a62eb8cf06f562a72c\",\"name\":\"Justine Tripard\",\"image\":{\"@type\":\"ImageObject\",\"inLanguage\":\"fr-FR\",\"@id\":\"https:\\\/\\\/secure.gravatar.com\\\/avatar\\\/b8b45209a4cf0b7b127b9238ec348090e7302306d2485eeaab17b6761fe84991?s=96&d=mm&r=g\",\"url\":\"https:\\\/\\\/secure.gravatar.com\\\/avatar\\\/b8b45209a4cf0b7b127b9238ec348090e7302306d2485eeaab17b6761fe84991?s=96&d=mm&r=g\",\"contentUrl\":\"https:\\\/\\\/secure.gravatar.com\\\/avatar\\\/b8b45209a4cf0b7b127b9238ec348090e7302306d2485eeaab17b6761fe84991?s=96&d=mm&r=g\",\"caption\":\"Justine Tripard\"},\"url\":\"https:\\\/\\\/www.autojm.fr\\\/blog\\\/author\\\/justine\\\/\"}]}<\/script>\n<!-- \/ Yoast SEO plugin. -->","yoast_head_json":{"title":"Renault poursuit sa r\u00e9volution avec la Megane E-Tech 100% \u00e9lectrique\u00a0\u00a0","description":"Commercialis\u00e9e depuis d\u00e9but 2022, la Renault Megane E-Tech 100% \u00e9lectrique incarne la transition de la marque au Losange pour basculer...","robots":{"index":"index","follow":"follow","max-snippet":"max-snippet:-1","max-image-preview":"max-image-preview:large","max-video-preview":"max-video-preview:-1"},"canonical":"https:\/\/www.autojm.fr\/blog\/renault-poursuit-sa-revolution-avec-la-megane-e-tech-100-electrique\/","og_locale":"fr_FR","og_type":"article","og_title":"Renault poursuit sa r\u00e9volution avec la Megane E-Tech 100% \u00e9lectrique\u00a0\u00a0","og_description":"Commercialis\u00e9e depuis d\u00e9but 2022, la Renault Megane E-Tech 100% \u00e9lectrique incarne la transition de la marque au Losange pour basculer...","og_url":"https:\/\/www.autojm.fr\/blog\/renault-poursuit-sa-revolution-avec-la-megane-e-tech-100-electrique\/","og_site_name":"AutoJM Mag","article_publisher":"https:\/\/www.facebook.com\/AutoJM25","article_published_time":"2023-07-21T06:35:51+00:00","article_modified_time":"2023-07-24T12:21:59+00:00","og_image":[{"width":1000,"height":500,"url":"https:\/\/www.autojm.fr\/blog\/wp-content\/uploads\/2023\/07\/Renault-Megane-E-Tech-100-electrique.jpg","type":"image\/jpeg"}],"author":"Justine Tripard","twitter_card":"summary_large_image","twitter_misc":{"\u00c9crit par":"Justine Tripard"},"schema":{"@context":"https:\/\/schema.org","@graph":[{"@type":"Article","@id":"https:\/\/www.autojm.fr\/blog\/renault-poursuit-sa-revolution-avec-la-megane-e-tech-100-electrique\/#article","isPartOf":{"@id":"https:\/\/www.autojm.fr\/blog\/renault-poursuit-sa-revolution-avec-la-megane-e-tech-100-electrique\/"},"author":{"name":"Justine Tripard","@id":"https:\/\/www.autojm.fr\/blog\/#\/schema\/person\/1cc83a91548d88a62eb8cf06f562a72c"},"headline":"Renault poursuit sa r\u00e9volution avec la Megane E-Tech 100% \u00e9lectrique\u00a0\u00a0","datePublished":"2023-07-21T06:35:51+00:00","dateModified":"2023-07-24T12:21:59+00:00","mainEntityOfPage":{"@id":"https:\/\/www.autojm.fr\/blog\/renault-poursuit-sa-revolution-avec-la-megane-e-tech-100-electrique\/"},"wordCount":10,"commentCount":0,"publisher":{"@id":"https:\/\/www.autojm.fr\/blog\/#organization"},"image":{"@id":"https:\/\/www.autojm.fr\/blog\/renault-poursuit-sa-revolution-avec-la-megane-e-tech-100-electrique\/#primaryimage"},"thumbnailUrl":"https:\/\/www.autojm.fr\/blog\/wp-content\/uploads\/2023\/07\/Renault-Megane-E-Tech-100-electrique.jpg","keywords":["208","3008","308","408","arkana","Austral","autojm","C3","C5 Aircross","captur","Citro\u00ebn","Clio 5","dacia","DS","DS7","duster","formentor","Hyundai","Kia","leon 5 portes","leon sportstourer","Nissan","peugeot","renault","Seat","Toyota"],"articleSection":["Actualit\u00e9s Renault"],"inLanguage":"fr-FR","potentialAction":[{"@type":"CommentAction","name":"Comment","target":["https:\/\/www.autojm.fr\/blog\/renault-poursuit-sa-revolution-avec-la-megane-e-tech-100-electrique\/#respond"]}]},{"@type":"WebPage","@id":"https:\/\/www.autojm.fr\/blog\/renault-poursuit-sa-revolution-avec-la-megane-e-tech-100-electrique\/","url":"https:\/\/www.autojm.fr\/blog\/renault-poursuit-sa-revolution-avec-la-megane-e-tech-100-electrique\/","name":"Renault poursuit sa r\u00e9volution avec la Megane E-Tech 100% \u00e9lectrique\u00a0\u00a0","isPartOf":{"@id":"https:\/\/www.autojm.fr\/blog\/#website"},"primaryImageOfPage":{"@id":"https:\/\/www.autojm.fr\/blog\/renault-poursuit-sa-revolution-avec-la-megane-e-tech-100-electrique\/#primaryimage"},"image":{"@id":"https:\/\/www.autojm.fr\/blog\/renault-poursuit-sa-revolution-avec-la-megane-e-tech-100-electrique\/#primaryimage"},"thumbnailUrl":"https:\/\/www.autojm.fr\/blog\/wp-content\/uploads\/2023\/07\/Renault-Megane-E-Tech-100-electrique.jpg","datePublished":"2023-07-21T06:35:51+00:00","dateModified":"2023-07-24T12:21:59+00:00","description":"Commercialis\u00e9e depuis d\u00e9but 2022, la Renault Megane E-Tech 100% \u00e9lectrique incarne la transition de la marque au Losange pour basculer...","breadcrumb":{"@id":"https:\/\/www.autojm.fr\/blog\/renault-poursuit-sa-revolution-avec-la-megane-e-tech-100-electrique\/#breadcrumb"},"inLanguage":"fr-FR","potentialAction":[{"@type":"ReadAction","target":["https:\/\/www.autojm.fr\/blog\/renault-poursuit-sa-revolution-avec-la-megane-e-tech-100-electrique\/"]}]},{"@type":"ImageObject","inLanguage":"fr-FR","@id":"https:\/\/www.autojm.fr\/blog\/renault-poursuit-sa-revolution-avec-la-megane-e-tech-100-electrique\/#primaryimage","url":"https:\/\/www.autojm.fr\/blog\/wp-content\/uploads\/2023\/07\/Renault-Megane-E-Tech-100-electrique.jpg","contentUrl":"https:\/\/www.autojm.fr\/blog\/wp-content\/uploads\/2023\/07\/Renault-Megane-E-Tech-100-electrique.jpg","width":1000,"height":500,"caption":"Renault Megane E-Tech 100% \u00e9lectrique"},{"@type":"BreadcrumbList","@id":"https:\/\/www.autojm.fr\/blog\/renault-poursuit-sa-revolution-avec-la-megane-e-tech-100-electrique\/#breadcrumb","itemListElement":[{"@type":"ListItem","position":1,"name":"Accueil","item":"https:\/\/www.autojm.fr\/blog\/"},{"@type":"ListItem","position":2,"name":"Actualit\u00e9 Automobile","item":"https:\/\/www.autojm.fr\/blog\/actualite-automobile\/"},{"@type":"ListItem","position":3,"name":"Actualit\u00e9s Renault","item":"https:\/\/www.autojm.fr\/blog\/actualite-automobile\/actualites-renault\/"},{"@type":"ListItem","position":4,"name":"Renault poursuit sa r\u00e9volution avec la Megane E-Tech 100% \u00e9lectrique\u00a0\u00a0"}]},{"@type":"WebSite","@id":"https:\/\/www.autojm.fr\/blog\/#website","url":"https:\/\/www.autojm.fr\/blog\/","name":"AutoJM Mag","description":"Toute l&#039;actu auto en 1 clic !","publisher":{"@id":"https:\/\/www.autojm.fr\/blog\/#organization"},"potentialAction":[{"@type":"SearchAction","target":{"@type":"EntryPoint","urlTemplate":"https:\/\/www.autojm.fr\/blog\/?s={search_term_string}"},"query-input":{"@type":"PropertyValueSpecification","valueRequired":true,"valueName":"search_term_string"}}],"inLanguage":"fr-FR"},{"@type":"Organization","@id":"https:\/\/www.autojm.fr\/blog\/#organization","name":"AutoJM Mag","url":"https:\/\/www.autojm.fr\/blog\/","logo":{"@type":"ImageObject","inLanguage":"fr-FR","@id":"https:\/\/www.autojm.fr\/blog\/#\/schema\/logo\/image\/","url":"https:\/\/www.autojm.fr\/blog\/wp-content\/uploads\/2022\/12\/cropped-AutoJMag-png.png","contentUrl":"https:\/\/www.autojm.fr\/blog\/wp-content\/uploads\/2022\/12\/cropped-AutoJMag-png.png","width":2834,"height":585,"caption":"AutoJM Mag"},"image":{"@id":"https:\/\/www.autojm.fr\/blog\/#\/schema\/logo\/image\/"},"sameAs":["https:\/\/www.facebook.com\/AutoJM25"]},{"@type":"Person","@id":"https:\/\/www.autojm.fr\/blog\/#\/schema\/person\/1cc83a91548d88a62eb8cf06f562a72c","name":"Justine Tripard","image":{"@type":"ImageObject","inLanguage":"fr-FR","@id":"https:\/\/secure.gravatar.com\/avatar\/b8b45209a4cf0b7b127b9238ec348090e7302306d2485eeaab17b6761fe84991?s=96&d=mm&r=g","url":"https:\/\/secure.gravatar.com\/avatar\/b8b45209a4cf0b7b127b9238ec348090e7302306d2485eeaab17b6761fe84991?s=96&d=mm&r=g","contentUrl":"https:\/\/secure.gravatar.com\/avatar\/b8b45209a4cf0b7b127b9238ec348090e7302306d2485eeaab17b6761fe84991?s=96&d=mm&r=g","caption":"Justine Tripard"},"url":"https:\/\/www.autojm.fr\/blog\/author\/justine\/"}]}},"_links":{"self":[{"href":"https:\/\/www.autojm.fr\/blog\/wp-json\/wp\/v2\/posts\/11689","targetHints":{"allow":["GET"]}}],"collection":[{"href":"https:\/\/www.autojm.fr\/blog\/wp-json\/wp\/v2\/posts"}],"about":[{"href":"https:\/\/www.autojm.fr\/blog\/wp-json\/wp\/v2\/types\/post"}],"author":[{"embeddable":true,"href":"https:\/\/www.autojm.fr\/blog\/wp-json\/wp\/v2\/users\/6"}],"replies":[{"embeddable":true,"href":"https:\/\/www.autojm.fr\/blog\/wp-json\/wp\/v2\/comments?post=11689"}],"version-history":[{"count":5,"href":"https:\/\/www.autojm.fr\/blog\/wp-json\/wp\/v2\/posts\/11689\/revisions"}],"predecessor-version":[{"id":11705,"href":"https:\/\/www.autojm.fr\/blog\/wp-json\/wp\/v2\/posts\/11689\/revisions\/11705"}],"wp:featuredmedia":[{"embeddable":true,"href":"https:\/\/www.autojm.fr\/blog\/wp-json\/wp\/v2\/media\/11691"}],"wp:attachment":[{"href":"https:\/\/www.autojm.fr\/blog\/wp-json\/wp\/v2\/media?parent=11689"}],"wp:term":[{"taxonomy":"category","embeddable":true,"href":"https:\/\/www.autojm.fr\/blog\/wp-json\/wp\/v2\/categories?post=11689"},{"taxonomy":"post_tag","embeddable":true,"href":"https:\/\/www.autojm.fr\/blog\/wp-json\/wp\/v2\/tags?post=11689"}],"curies":[{"name":"wp","href":"https:\/\/api.w.org\/{rel}","templated":true}]}}