{"id":10724,"date":"2023-07-13T12:22:24","date_gmt":"2023-07-13T12:22:24","guid":{"rendered":"https:\/\/www.autojm.fr\/blog\/?p=10724"},"modified":"2023-07-13T12:54:50","modified_gmt":"2023-07-13T12:54:50","slug":"la-mythique-peugeot-205-celebre-ses-40-ans","status":"publish","type":"post","link":"https:\/\/www.autojm.fr\/blog\/la-mythique-peugeot-205-celebre-ses-40-ans\/","title":{"rendered":"La mythique Peugeot 205 c\u00e9l\u00e8bre ses 40 ans\u00a0"},"content":{"rendered":"","protected":false},"excerpt":{"rendered":"<p>\u00c0 l\u2019occasion de son 40\u00e8me anniversaire, la Peugeot 205 \u00e9tait \u00e0 l\u2019honneur les 8 et 9 juillet au Mus\u00e9e de L\u2019Aventure Peugeot. Du plus r\u00e9cent au plus kilom\u00e9tr\u00e9, pas moins de 750 mod\u00e8les du \u201csacr\u00e9 num\u00e9ro\u201d \u00e9taient rassembl\u00e9s pour rendre hommage \u00e0 la plus c\u00e9l\u00e8bre populaire fran\u00e7aise des ann\u00e9es 1980. <\/p>\n","protected":false},"author":6,"featured_media":10726,"comment_status":"open","ping_status":"open","sticky":false,"template":"","format":"standard","meta":{"_acf_changed":false,"content-type":"","footnotes":""},"categories":[63],"tags":[88,336,333,314,91,318,90,301,188,87,85,92,74,105,111,98,259,106,83,80,108,73,78,174,169],"class_list":["post-10724","post","type-post","status-publish","format-standard","has-post-thumbnail","hentry","category-actualites-peugeot","tag-88","tag-336","tag-333","tag-314","tag-arkana","tag-austral","tag-autojm","tag-c3","tag-c5-aircross","tag-captur","tag-citroen-2","tag-clio-5","tag-dacia","tag-ds","tag-ds7","tag-formentor","tag-hyundai","tag-kia","tag-leon-5-portes","tag-leon-sportstourer","tag-nissan","tag-peugeot","tag-renault","tag-seat","tag-toyota"],"acf":[],"yoast_head":"<!-- This site is optimized with the Yoast SEO plugin v27.5 - https:\/\/yoast.com\/product\/yoast-seo-wordpress\/ -->\n<title>La mythique Peugeot 205 c\u00e9l\u00e8bre ses 40 ans\u00a0 - AutoJM Mag<\/title>\n<meta name=\"description\" content=\"\u00c0 l\u2019occasion de son 40\u00e8me anniversaire, la Peugeot 205 \u00e9tait \u00e0 l\u2019honneur les 8 et 9 juillet au Mus\u00e9e de L\u2019Aventure Peugeot. Du plus...\" \/>\n<meta name=\"robots\" content=\"index, follow, max-snippet:-1, max-image-preview:large, max-video-preview:-1\" \/>\n<link rel=\"canonical\" href=\"https:\/\/www.autojm.fr\/blog\/la-mythique-peugeot-205-celebre-ses-40-ans\/\" \/>\n<meta property=\"og:locale\" content=\"fr_FR\" \/>\n<meta property=\"og:type\" content=\"article\" \/>\n<meta property=\"og:title\" content=\"La mythique Peugeot 205 c\u00e9l\u00e8bre ses 40 ans\u00a0 - AutoJM Mag\" \/>\n<meta property=\"og:description\" content=\"\u00c0 l\u2019occasion de son 40\u00e8me anniversaire, la Peugeot 205 \u00e9tait \u00e0 l\u2019honneur les 8 et 9 juillet au Mus\u00e9e de L\u2019Aventure Peugeot. Du plus...\" \/>\n<meta property=\"og:url\" content=\"https:\/\/www.autojm.fr\/blog\/la-mythique-peugeot-205-celebre-ses-40-ans\/\" \/>\n<meta property=\"og:site_name\" content=\"AutoJM Mag\" \/>\n<meta property=\"article:publisher\" content=\"https:\/\/www.facebook.com\/AutoJM25\" \/>\n<meta property=\"article:published_time\" content=\"2023-07-13T12:22:24+00:00\" \/>\n<meta property=\"article:modified_time\" content=\"2023-07-13T12:54:50+00:00\" \/>\n<meta property=\"og:image\" content=\"https:\/\/www.autojm.fr\/blog\/wp-content\/uploads\/2023\/07\/Peugeot-205-2.jpg\" \/>\n\t<meta property=\"og:image:width\" content=\"1000\" \/>\n\t<meta property=\"og:image:height\" content=\"500\" \/>\n\t<meta property=\"og:image:type\" content=\"image\/jpeg\" \/>\n<meta name=\"author\" content=\"Justine Tripard\" \/>\n<meta name=\"twitter:card\" content=\"summary_large_image\" \/>\n<meta name=\"twitter:label1\" content=\"\u00c9crit par\" \/>\n\t<meta name=\"twitter:data1\" content=\"Justine Tripard\" \/>\n<script type=\"application\/ld+json\" class=\"yoast-schema-graph\">{\"@context\":\"https:\\\/\\\/schema.org\",\"@graph\":[{\"@type\":\"Article\",\"@id\":\"https:\\\/\\\/www.autojm.fr\\\/blog\\\/la-mythique-peugeot-205-celebre-ses-40-ans\\\/#article\",\"isPartOf\":{\"@id\":\"https:\\\/\\\/www.autojm.fr\\\/blog\\\/la-mythique-peugeot-205-celebre-ses-40-ans\\\/\"},\"author\":{\"name\":\"Justine Tripard\",\"@id\":\"https:\\\/\\\/www.autojm.fr\\\/blog\\\/#\\\/schema\\\/person\\\/1cc83a91548d88a62eb8cf06f562a72c\"},\"headline\":\"La mythique Peugeot 205 c\u00e9l\u00e8bre ses 40 ans\u00a0\",\"datePublished\":\"2023-07-13T12:22:24+00:00\",\"dateModified\":\"2023-07-13T12:54:50+00:00\",\"mainEntityOfPage\":{\"@id\":\"https:\\\/\\\/www.autojm.fr\\\/blog\\\/la-mythique-peugeot-205-celebre-ses-40-ans\\\/\"},\"wordCount\":8,\"commentCount\":0,\"publisher\":{\"@id\":\"https:\\\/\\\/www.autojm.fr\\\/blog\\\/#organization\"},\"image\":{\"@id\":\"https:\\\/\\\/www.autojm.fr\\\/blog\\\/la-mythique-peugeot-205-celebre-ses-40-ans\\\/#primaryimage\"},\"thumbnailUrl\":\"https:\\\/\\\/www.autojm.fr\\\/blog\\\/wp-content\\\/uploads\\\/2023\\\/07\\\/Peugeot-205-2.jpg\",\"keywords\":[\"208\",\"3008\",\"308\",\"408\",\"arkana\",\"Austral\",\"autojm\",\"C3\",\"C5 Aircross\",\"captur\",\"Citro\u00ebn\",\"Clio 5\",\"dacia\",\"DS\",\"DS7\",\"formentor\",\"Hyundai\",\"Kia\",\"leon 5 portes\",\"leon sportstourer\",\"Nissan\",\"peugeot\",\"renault\",\"Seat\",\"Toyota\"],\"articleSection\":[\"Actualit\u00e9s Peugeot\"],\"inLanguage\":\"fr-FR\",\"potentialAction\":[{\"@type\":\"CommentAction\",\"name\":\"Comment\",\"target\":[\"https:\\\/\\\/www.autojm.fr\\\/blog\\\/la-mythique-peugeot-205-celebre-ses-40-ans\\\/#respond\"]}]},{\"@type\":\"WebPage\",\"@id\":\"https:\\\/\\\/www.autojm.fr\\\/blog\\\/la-mythique-peugeot-205-celebre-ses-40-ans\\\/\",\"url\":\"https:\\\/\\\/www.autojm.fr\\\/blog\\\/la-mythique-peugeot-205-celebre-ses-40-ans\\\/\",\"name\":\"La mythique Peugeot 205 c\u00e9l\u00e8bre ses 40 ans\u00a0 - AutoJM Mag\",\"isPartOf\":{\"@id\":\"https:\\\/\\\/www.autojm.fr\\\/blog\\\/#website\"},\"primaryImageOfPage\":{\"@id\":\"https:\\\/\\\/www.autojm.fr\\\/blog\\\/la-mythique-peugeot-205-celebre-ses-40-ans\\\/#primaryimage\"},\"image\":{\"@id\":\"https:\\\/\\\/www.autojm.fr\\\/blog\\\/la-mythique-peugeot-205-celebre-ses-40-ans\\\/#primaryimage\"},\"thumbnailUrl\":\"https:\\\/\\\/www.autojm.fr\\\/blog\\\/wp-content\\\/uploads\\\/2023\\\/07\\\/Peugeot-205-2.jpg\",\"datePublished\":\"2023-07-13T12:22:24+00:00\",\"dateModified\":\"2023-07-13T12:54:50+00:00\",\"description\":\"\u00c0 l\u2019occasion de son 40\u00e8me anniversaire, la Peugeot 205 \u00e9tait \u00e0 l\u2019honneur les 8 et 9 juillet au Mus\u00e9e de L\u2019Aventure Peugeot. Du plus...\",\"breadcrumb\":{\"@id\":\"https:\\\/\\\/www.autojm.fr\\\/blog\\\/la-mythique-peugeot-205-celebre-ses-40-ans\\\/#breadcrumb\"},\"inLanguage\":\"fr-FR\",\"potentialAction\":[{\"@type\":\"ReadAction\",\"target\":[\"https:\\\/\\\/www.autojm.fr\\\/blog\\\/la-mythique-peugeot-205-celebre-ses-40-ans\\\/\"]}]},{\"@type\":\"ImageObject\",\"inLanguage\":\"fr-FR\",\"@id\":\"https:\\\/\\\/www.autojm.fr\\\/blog\\\/la-mythique-peugeot-205-celebre-ses-40-ans\\\/#primaryimage\",\"url\":\"https:\\\/\\\/www.autojm.fr\\\/blog\\\/wp-content\\\/uploads\\\/2023\\\/07\\\/Peugeot-205-2.jpg\",\"contentUrl\":\"https:\\\/\\\/www.autojm.fr\\\/blog\\\/wp-content\\\/uploads\\\/2023\\\/07\\\/Peugeot-205-2.jpg\",\"width\":1000,\"height\":500,\"caption\":\"Peugeot 205\"},{\"@type\":\"BreadcrumbList\",\"@id\":\"https:\\\/\\\/www.autojm.fr\\\/blog\\\/la-mythique-peugeot-205-celebre-ses-40-ans\\\/#breadcrumb\",\"itemListElement\":[{\"@type\":\"ListItem\",\"position\":1,\"name\":\"Accueil\",\"item\":\"https:\\\/\\\/www.autojm.fr\\\/blog\\\/\"},{\"@type\":\"ListItem\",\"position\":2,\"name\":\"Actualit\u00e9 Automobile\",\"item\":\"https:\\\/\\\/www.autojm.fr\\\/blog\\\/actualite-automobile\\\/\"},{\"@type\":\"ListItem\",\"position\":3,\"name\":\"Actualit\u00e9s Peugeot\",\"item\":\"https:\\\/\\\/www.autojm.fr\\\/blog\\\/actualite-automobile\\\/actualites-peugeot\\\/\"},{\"@type\":\"ListItem\",\"position\":4,\"name\":\"La mythique Peugeot 205 c\u00e9l\u00e8bre ses 40 ans\u00a0\"}]},{\"@type\":\"WebSite\",\"@id\":\"https:\\\/\\\/www.autojm.fr\\\/blog\\\/#website\",\"url\":\"https:\\\/\\\/www.autojm.fr\\\/blog\\\/\",\"name\":\"AutoJM Mag\",\"description\":\"Toute l&#039;actu auto en 1 clic !\",\"publisher\":{\"@id\":\"https:\\\/\\\/www.autojm.fr\\\/blog\\\/#organization\"},\"potentialAction\":[{\"@type\":\"SearchAction\",\"target\":{\"@type\":\"EntryPoint\",\"urlTemplate\":\"https:\\\/\\\/www.autojm.fr\\\/blog\\\/?s={search_term_string}\"},\"query-input\":{\"@type\":\"PropertyValueSpecification\",\"valueRequired\":true,\"valueName\":\"search_term_string\"}}],\"inLanguage\":\"fr-FR\"},{\"@type\":\"Organization\",\"@id\":\"https:\\\/\\\/www.autojm.fr\\\/blog\\\/#organization\",\"name\":\"AutoJM Mag\",\"url\":\"https:\\\/\\\/www.autojm.fr\\\/blog\\\/\",\"logo\":{\"@type\":\"ImageObject\",\"inLanguage\":\"fr-FR\",\"@id\":\"https:\\\/\\\/www.autojm.fr\\\/blog\\\/#\\\/schema\\\/logo\\\/image\\\/\",\"url\":\"https:\\\/\\\/www.autojm.fr\\\/blog\\\/wp-content\\\/uploads\\\/2022\\\/12\\\/cropped-AutoJMag-png.png\",\"contentUrl\":\"https:\\\/\\\/www.autojm.fr\\\/blog\\\/wp-content\\\/uploads\\\/2022\\\/12\\\/cropped-AutoJMag-png.png\",\"width\":2834,\"height\":585,\"caption\":\"AutoJM Mag\"},\"image\":{\"@id\":\"https:\\\/\\\/www.autojm.fr\\\/blog\\\/#\\\/schema\\\/logo\\\/image\\\/\"},\"sameAs\":[\"https:\\\/\\\/www.facebook.com\\\/AutoJM25\"]},{\"@type\":\"Person\",\"@id\":\"https:\\\/\\\/www.autojm.fr\\\/blog\\\/#\\\/schema\\\/person\\\/1cc83a91548d88a62eb8cf06f562a72c\",\"name\":\"Justine Tripard\",\"image\":{\"@type\":\"ImageObject\",\"inLanguage\":\"fr-FR\",\"@id\":\"https:\\\/\\\/secure.gravatar.com\\\/avatar\\\/b8b45209a4cf0b7b127b9238ec348090e7302306d2485eeaab17b6761fe84991?s=96&d=mm&r=g\",\"url\":\"https:\\\/\\\/secure.gravatar.com\\\/avatar\\\/b8b45209a4cf0b7b127b9238ec348090e7302306d2485eeaab17b6761fe84991?s=96&d=mm&r=g\",\"contentUrl\":\"https:\\\/\\\/secure.gravatar.com\\\/avatar\\\/b8b45209a4cf0b7b127b9238ec348090e7302306d2485eeaab17b6761fe84991?s=96&d=mm&r=g\",\"caption\":\"Justine Tripard\"},\"url\":\"https:\\\/\\\/www.autojm.fr\\\/blog\\\/author\\\/justine\\\/\"}]}<\/script>\n<!-- \/ Yoast SEO plugin. -->","yoast_head_json":{"title":"La mythique Peugeot 205 c\u00e9l\u00e8bre ses 40 ans\u00a0 - AutoJM Mag","description":"\u00c0 l\u2019occasion de son 40\u00e8me anniversaire, la Peugeot 205 \u00e9tait \u00e0 l\u2019honneur les 8 et 9 juillet au Mus\u00e9e de L\u2019Aventure Peugeot. Du plus...","robots":{"index":"index","follow":"follow","max-snippet":"max-snippet:-1","max-image-preview":"max-image-preview:large","max-video-preview":"max-video-preview:-1"},"canonical":"https:\/\/www.autojm.fr\/blog\/la-mythique-peugeot-205-celebre-ses-40-ans\/","og_locale":"fr_FR","og_type":"article","og_title":"La mythique Peugeot 205 c\u00e9l\u00e8bre ses 40 ans\u00a0 - AutoJM Mag","og_description":"\u00c0 l\u2019occasion de son 40\u00e8me anniversaire, la Peugeot 205 \u00e9tait \u00e0 l\u2019honneur les 8 et 9 juillet au Mus\u00e9e de L\u2019Aventure Peugeot. Du plus...","og_url":"https:\/\/www.autojm.fr\/blog\/la-mythique-peugeot-205-celebre-ses-40-ans\/","og_site_name":"AutoJM Mag","article_publisher":"https:\/\/www.facebook.com\/AutoJM25","article_published_time":"2023-07-13T12:22:24+00:00","article_modified_time":"2023-07-13T12:54:50+00:00","og_image":[{"width":1000,"height":500,"url":"https:\/\/www.autojm.fr\/blog\/wp-content\/uploads\/2023\/07\/Peugeot-205-2.jpg","type":"image\/jpeg"}],"author":"Justine Tripard","twitter_card":"summary_large_image","twitter_misc":{"\u00c9crit par":"Justine Tripard"},"schema":{"@context":"https:\/\/schema.org","@graph":[{"@type":"Article","@id":"https:\/\/www.autojm.fr\/blog\/la-mythique-peugeot-205-celebre-ses-40-ans\/#article","isPartOf":{"@id":"https:\/\/www.autojm.fr\/blog\/la-mythique-peugeot-205-celebre-ses-40-ans\/"},"author":{"name":"Justine Tripard","@id":"https:\/\/www.autojm.fr\/blog\/#\/schema\/person\/1cc83a91548d88a62eb8cf06f562a72c"},"headline":"La mythique Peugeot 205 c\u00e9l\u00e8bre ses 40 ans\u00a0","datePublished":"2023-07-13T12:22:24+00:00","dateModified":"2023-07-13T12:54:50+00:00","mainEntityOfPage":{"@id":"https:\/\/www.autojm.fr\/blog\/la-mythique-peugeot-205-celebre-ses-40-ans\/"},"wordCount":8,"commentCount":0,"publisher":{"@id":"https:\/\/www.autojm.fr\/blog\/#organization"},"image":{"@id":"https:\/\/www.autojm.fr\/blog\/la-mythique-peugeot-205-celebre-ses-40-ans\/#primaryimage"},"thumbnailUrl":"https:\/\/www.autojm.fr\/blog\/wp-content\/uploads\/2023\/07\/Peugeot-205-2.jpg","keywords":["208","3008","308","408","arkana","Austral","autojm","C3","C5 Aircross","captur","Citro\u00ebn","Clio 5","dacia","DS","DS7","formentor","Hyundai","Kia","leon 5 portes","leon sportstourer","Nissan","peugeot","renault","Seat","Toyota"],"articleSection":["Actualit\u00e9s Peugeot"],"inLanguage":"fr-FR","potentialAction":[{"@type":"CommentAction","name":"Comment","target":["https:\/\/www.autojm.fr\/blog\/la-mythique-peugeot-205-celebre-ses-40-ans\/#respond"]}]},{"@type":"WebPage","@id":"https:\/\/www.autojm.fr\/blog\/la-mythique-peugeot-205-celebre-ses-40-ans\/","url":"https:\/\/www.autojm.fr\/blog\/la-mythique-peugeot-205-celebre-ses-40-ans\/","name":"La mythique Peugeot 205 c\u00e9l\u00e8bre ses 40 ans\u00a0 - AutoJM Mag","isPartOf":{"@id":"https:\/\/www.autojm.fr\/blog\/#website"},"primaryImageOfPage":{"@id":"https:\/\/www.autojm.fr\/blog\/la-mythique-peugeot-205-celebre-ses-40-ans\/#primaryimage"},"image":{"@id":"https:\/\/www.autojm.fr\/blog\/la-mythique-peugeot-205-celebre-ses-40-ans\/#primaryimage"},"thumbnailUrl":"https:\/\/www.autojm.fr\/blog\/wp-content\/uploads\/2023\/07\/Peugeot-205-2.jpg","datePublished":"2023-07-13T12:22:24+00:00","dateModified":"2023-07-13T12:54:50+00:00","description":"\u00c0 l\u2019occasion de son 40\u00e8me anniversaire, la Peugeot 205 \u00e9tait \u00e0 l\u2019honneur les 8 et 9 juillet au Mus\u00e9e de L\u2019Aventure Peugeot. Du plus...","breadcrumb":{"@id":"https:\/\/www.autojm.fr\/blog\/la-mythique-peugeot-205-celebre-ses-40-ans\/#breadcrumb"},"inLanguage":"fr-FR","potentialAction":[{"@type":"ReadAction","target":["https:\/\/www.autojm.fr\/blog\/la-mythique-peugeot-205-celebre-ses-40-ans\/"]}]},{"@type":"ImageObject","inLanguage":"fr-FR","@id":"https:\/\/www.autojm.fr\/blog\/la-mythique-peugeot-205-celebre-ses-40-ans\/#primaryimage","url":"https:\/\/www.autojm.fr\/blog\/wp-content\/uploads\/2023\/07\/Peugeot-205-2.jpg","contentUrl":"https:\/\/www.autojm.fr\/blog\/wp-content\/uploads\/2023\/07\/Peugeot-205-2.jpg","width":1000,"height":500,"caption":"Peugeot 205"},{"@type":"BreadcrumbList","@id":"https:\/\/www.autojm.fr\/blog\/la-mythique-peugeot-205-celebre-ses-40-ans\/#breadcrumb","itemListElement":[{"@type":"ListItem","position":1,"name":"Accueil","item":"https:\/\/www.autojm.fr\/blog\/"},{"@type":"ListItem","position":2,"name":"Actualit\u00e9 Automobile","item":"https:\/\/www.autojm.fr\/blog\/actualite-automobile\/"},{"@type":"ListItem","position":3,"name":"Actualit\u00e9s Peugeot","item":"https:\/\/www.autojm.fr\/blog\/actualite-automobile\/actualites-peugeot\/"},{"@type":"ListItem","position":4,"name":"La mythique Peugeot 205 c\u00e9l\u00e8bre ses 40 ans\u00a0"}]},{"@type":"WebSite","@id":"https:\/\/www.autojm.fr\/blog\/#website","url":"https:\/\/www.autojm.fr\/blog\/","name":"AutoJM Mag","description":"Toute l&#039;actu auto en 1 clic !","publisher":{"@id":"https:\/\/www.autojm.fr\/blog\/#organization"},"potentialAction":[{"@type":"SearchAction","target":{"@type":"EntryPoint","urlTemplate":"https:\/\/www.autojm.fr\/blog\/?s={search_term_string}"},"query-input":{"@type":"PropertyValueSpecification","valueRequired":true,"valueName":"search_term_string"}}],"inLanguage":"fr-FR"},{"@type":"Organization","@id":"https:\/\/www.autojm.fr\/blog\/#organization","name":"AutoJM Mag","url":"https:\/\/www.autojm.fr\/blog\/","logo":{"@type":"ImageObject","inLanguage":"fr-FR","@id":"https:\/\/www.autojm.fr\/blog\/#\/schema\/logo\/image\/","url":"https:\/\/www.autojm.fr\/blog\/wp-content\/uploads\/2022\/12\/cropped-AutoJMag-png.png","contentUrl":"https:\/\/www.autojm.fr\/blog\/wp-content\/uploads\/2022\/12\/cropped-AutoJMag-png.png","width":2834,"height":585,"caption":"AutoJM Mag"},"image":{"@id":"https:\/\/www.autojm.fr\/blog\/#\/schema\/logo\/image\/"},"sameAs":["https:\/\/www.facebook.com\/AutoJM25"]},{"@type":"Person","@id":"https:\/\/www.autojm.fr\/blog\/#\/schema\/person\/1cc83a91548d88a62eb8cf06f562a72c","name":"Justine Tripard","image":{"@type":"ImageObject","inLanguage":"fr-FR","@id":"https:\/\/secure.gravatar.com\/avatar\/b8b45209a4cf0b7b127b9238ec348090e7302306d2485eeaab17b6761fe84991?s=96&d=mm&r=g","url":"https:\/\/secure.gravatar.com\/avatar\/b8b45209a4cf0b7b127b9238ec348090e7302306d2485eeaab17b6761fe84991?s=96&d=mm&r=g","contentUrl":"https:\/\/secure.gravatar.com\/avatar\/b8b45209a4cf0b7b127b9238ec348090e7302306d2485eeaab17b6761fe84991?s=96&d=mm&r=g","caption":"Justine Tripard"},"url":"https:\/\/www.autojm.fr\/blog\/author\/justine\/"}]}},"_links":{"self":[{"href":"https:\/\/www.autojm.fr\/blog\/wp-json\/wp\/v2\/posts\/10724","targetHints":{"allow":["GET"]}}],"collection":[{"href":"https:\/\/www.autojm.fr\/blog\/wp-json\/wp\/v2\/posts"}],"about":[{"href":"https:\/\/www.autojm.fr\/blog\/wp-json\/wp\/v2\/types\/post"}],"author":[{"embeddable":true,"href":"https:\/\/www.autojm.fr\/blog\/wp-json\/wp\/v2\/users\/6"}],"replies":[{"embeddable":true,"href":"https:\/\/www.autojm.fr\/blog\/wp-json\/wp\/v2\/comments?post=10724"}],"version-history":[{"count":6,"href":"https:\/\/www.autojm.fr\/blog\/wp-json\/wp\/v2\/posts\/10724\/revisions"}],"predecessor-version":[{"id":10746,"href":"https:\/\/www.autojm.fr\/blog\/wp-json\/wp\/v2\/posts\/10724\/revisions\/10746"}],"wp:featuredmedia":[{"embeddable":true,"href":"https:\/\/www.autojm.fr\/blog\/wp-json\/wp\/v2\/media\/10726"}],"wp:attachment":[{"href":"https:\/\/www.autojm.fr\/blog\/wp-json\/wp\/v2\/media?parent=10724"}],"wp:term":[{"taxonomy":"category","embeddable":true,"href":"https:\/\/www.autojm.fr\/blog\/wp-json\/wp\/v2\/categories?post=10724"},{"taxonomy":"post_tag","embeddable":true,"href":"https:\/\/www.autojm.fr\/blog\/wp-json\/wp\/v2\/tags?post=10724"}],"curies":[{"name":"wp","href":"https:\/\/api.w.org\/{rel}","templated":true}]}}