{"id":10540,"date":"2023-06-28T09:23:00","date_gmt":"2023-06-28T09:23:00","guid":{"rendered":"https:\/\/www.autojm.fr\/blog\/?p=10540"},"modified":"2024-04-03T13:52:53","modified_gmt":"2024-04-03T13:52:53","slug":"quelle-autonomie-pour-une-voiture-hybride","status":"publish","type":"post","link":"https:\/\/www.autojm.fr\/blog\/quelle-autonomie-pour-une-voiture-hybride\/","title":{"rendered":"Quelle autonomie pour une voiture hybride ?\u00a0"},"content":{"rendered":"","protected":false},"excerpt":{"rendered":"<p>Qu\u2019il soit classique ou rechargeable, l\u2019autonomie \u00e9lectrique d\u2019un v\u00e9hicule hybride d\u00e9pend de la technologie utilis\u00e9e et de la capacit\u00e9 de la batterie. Alors que la plupart des constructeurs annoncent aujourd\u2019hui une autonomie variant entre 40 et 60 km, des mod\u00e8les \u00e9quip\u00e9s de grosses batteries peuvent atteindre les 100 km en mode \u00e9lectrique. <\/p>\n","protected":false},"author":6,"featured_media":10542,"comment_status":"open","ping_status":"open","sticky":false,"template":"","format":"standard","meta":{"_acf_changed":false,"content-type":"","footnotes":""},"categories":[347],"tags":[88,336,333,314,91,318,90,301,188,87,85,92,105,111,109,98,259,106,83,80,108,73,78,174,169],"class_list":["post-10540","post","type-post","status-publish","format-standard","has-post-thumbnail","hentry","category-conseils-voitures-propres","tag-88","tag-336","tag-333","tag-314","tag-arkana","tag-austral","tag-autojm","tag-c3","tag-c5-aircross","tag-captur","tag-citroen-2","tag-clio-5","tag-ds","tag-ds7","tag-ford","tag-formentor","tag-hyundai","tag-kia","tag-leon-5-portes","tag-leon-sportstourer","tag-nissan","tag-peugeot","tag-renault","tag-seat","tag-toyota"],"acf":[],"yoast_head":"<!-- This site is optimized with the Yoast SEO plugin v27.5 - https:\/\/yoast.com\/product\/yoast-seo-wordpress\/ -->\n<title>Quelle autonomie pour une voiture hybride ?\u00a0 - AutoJM Mag<\/title>\n<meta name=\"description\" content=\"Qu\u2019il soit classique ou rechargeable, l\u2019autonomie \u00e9lectrique d\u2019un v\u00e9hicule hybride d\u00e9pend de la technologie utilis\u00e9e et de la capacit\u00e9 de...\" \/>\n<meta name=\"robots\" content=\"index, follow, max-snippet:-1, max-image-preview:large, max-video-preview:-1\" \/>\n<link rel=\"canonical\" href=\"https:\/\/www.autojm.fr\/blog\/quelle-autonomie-pour-une-voiture-hybride\/\" \/>\n<meta property=\"og:locale\" content=\"fr_FR\" \/>\n<meta property=\"og:type\" content=\"article\" \/>\n<meta property=\"og:title\" content=\"Quelle autonomie pour une voiture hybride ?\u00a0 - AutoJM Mag\" \/>\n<meta property=\"og:description\" content=\"Qu\u2019il soit classique ou rechargeable, l\u2019autonomie \u00e9lectrique d\u2019un v\u00e9hicule hybride d\u00e9pend de la technologie utilis\u00e9e et de la capacit\u00e9 de...\" \/>\n<meta property=\"og:url\" content=\"https:\/\/www.autojm.fr\/blog\/quelle-autonomie-pour-une-voiture-hybride\/\" \/>\n<meta property=\"og:site_name\" content=\"AutoJM Mag\" \/>\n<meta property=\"article:publisher\" content=\"https:\/\/www.facebook.com\/AutoJM25\" \/>\n<meta property=\"article:published_time\" content=\"2023-06-28T09:23:00+00:00\" \/>\n<meta property=\"article:modified_time\" content=\"2024-04-03T13:52:53+00:00\" \/>\n<meta property=\"og:image\" content=\"https:\/\/www.autojm.fr\/blog\/wp-content\/uploads\/2023\/06\/Autonomie-voiture-hybride.jpg\" \/>\n\t<meta property=\"og:image:width\" content=\"1000\" \/>\n\t<meta property=\"og:image:height\" content=\"500\" \/>\n\t<meta property=\"og:image:type\" content=\"image\/jpeg\" \/>\n<meta name=\"author\" content=\"Justine Tripard\" \/>\n<meta name=\"twitter:card\" content=\"summary_large_image\" \/>\n<meta name=\"twitter:label1\" content=\"\u00c9crit par\" \/>\n\t<meta name=\"twitter:data1\" content=\"Justine Tripard\" \/>\n\t<meta name=\"twitter:label2\" content=\"Dur\u00e9e de lecture estim\u00e9e\" \/>\n\t<meta name=\"twitter:data2\" content=\"4 minutes\" \/>\n<script type=\"application\/ld+json\" class=\"yoast-schema-graph\">{\"@context\":\"https:\\\/\\\/schema.org\",\"@graph\":[{\"@type\":\"Article\",\"@id\":\"https:\\\/\\\/www.autojm.fr\\\/blog\\\/quelle-autonomie-pour-une-voiture-hybride\\\/#article\",\"isPartOf\":{\"@id\":\"https:\\\/\\\/www.autojm.fr\\\/blog\\\/quelle-autonomie-pour-une-voiture-hybride\\\/\"},\"author\":{\"name\":\"Justine Tripard\",\"@id\":\"https:\\\/\\\/www.autojm.fr\\\/blog\\\/#\\\/schema\\\/person\\\/1cc83a91548d88a62eb8cf06f562a72c\"},\"headline\":\"Quelle autonomie pour une voiture hybride ?\u00a0\",\"datePublished\":\"2023-06-28T09:23:00+00:00\",\"dateModified\":\"2024-04-03T13:52:53+00:00\",\"mainEntityOfPage\":{\"@id\":\"https:\\\/\\\/www.autojm.fr\\\/blog\\\/quelle-autonomie-pour-une-voiture-hybride\\\/\"},\"wordCount\":6,\"commentCount\":0,\"publisher\":{\"@id\":\"https:\\\/\\\/www.autojm.fr\\\/blog\\\/#organization\"},\"image\":{\"@id\":\"https:\\\/\\\/www.autojm.fr\\\/blog\\\/quelle-autonomie-pour-une-voiture-hybride\\\/#primaryimage\"},\"thumbnailUrl\":\"https:\\\/\\\/www.autojm.fr\\\/blog\\\/wp-content\\\/uploads\\\/2023\\\/06\\\/Autonomie-voiture-hybride.jpg\",\"keywords\":[\"208\",\"3008\",\"308\",\"408\",\"arkana\",\"Austral\",\"autojm\",\"C3\",\"C5 Aircross\",\"captur\",\"Citro\u00ebn\",\"Clio 5\",\"DS\",\"DS7\",\"Ford\",\"formentor\",\"Hyundai\",\"Kia\",\"leon 5 portes\",\"leon sportstourer\",\"Nissan\",\"peugeot\",\"renault\",\"Seat\",\"Toyota\"],\"articleSection\":[\"Conseils voitures propres\"],\"inLanguage\":\"fr-FR\",\"potentialAction\":[{\"@type\":\"CommentAction\",\"name\":\"Comment\",\"target\":[\"https:\\\/\\\/www.autojm.fr\\\/blog\\\/quelle-autonomie-pour-une-voiture-hybride\\\/#respond\"]}]},{\"@type\":\"WebPage\",\"@id\":\"https:\\\/\\\/www.autojm.fr\\\/blog\\\/quelle-autonomie-pour-une-voiture-hybride\\\/\",\"url\":\"https:\\\/\\\/www.autojm.fr\\\/blog\\\/quelle-autonomie-pour-une-voiture-hybride\\\/\",\"name\":\"Quelle autonomie pour une voiture hybride ?\u00a0 - AutoJM Mag\",\"isPartOf\":{\"@id\":\"https:\\\/\\\/www.autojm.fr\\\/blog\\\/#website\"},\"primaryImageOfPage\":{\"@id\":\"https:\\\/\\\/www.autojm.fr\\\/blog\\\/quelle-autonomie-pour-une-voiture-hybride\\\/#primaryimage\"},\"image\":{\"@id\":\"https:\\\/\\\/www.autojm.fr\\\/blog\\\/quelle-autonomie-pour-une-voiture-hybride\\\/#primaryimage\"},\"thumbnailUrl\":\"https:\\\/\\\/www.autojm.fr\\\/blog\\\/wp-content\\\/uploads\\\/2023\\\/06\\\/Autonomie-voiture-hybride.jpg\",\"datePublished\":\"2023-06-28T09:23:00+00:00\",\"dateModified\":\"2024-04-03T13:52:53+00:00\",\"description\":\"Qu\u2019il soit classique ou rechargeable, l\u2019autonomie \u00e9lectrique d\u2019un v\u00e9hicule hybride d\u00e9pend de la technologie utilis\u00e9e et de la capacit\u00e9 de...\",\"breadcrumb\":{\"@id\":\"https:\\\/\\\/www.autojm.fr\\\/blog\\\/quelle-autonomie-pour-une-voiture-hybride\\\/#breadcrumb\"},\"inLanguage\":\"fr-FR\",\"potentialAction\":[{\"@type\":\"ReadAction\",\"target\":[\"https:\\\/\\\/www.autojm.fr\\\/blog\\\/quelle-autonomie-pour-une-voiture-hybride\\\/\"]}]},{\"@type\":\"ImageObject\",\"inLanguage\":\"fr-FR\",\"@id\":\"https:\\\/\\\/www.autojm.fr\\\/blog\\\/quelle-autonomie-pour-une-voiture-hybride\\\/#primaryimage\",\"url\":\"https:\\\/\\\/www.autojm.fr\\\/blog\\\/wp-content\\\/uploads\\\/2023\\\/06\\\/Autonomie-voiture-hybride.jpg\",\"contentUrl\":\"https:\\\/\\\/www.autojm.fr\\\/blog\\\/wp-content\\\/uploads\\\/2023\\\/06\\\/Autonomie-voiture-hybride.jpg\",\"width\":1000,\"height\":500,\"caption\":\"Autonomie voiture hybride\"},{\"@type\":\"BreadcrumbList\",\"@id\":\"https:\\\/\\\/www.autojm.fr\\\/blog\\\/quelle-autonomie-pour-une-voiture-hybride\\\/#breadcrumb\",\"itemListElement\":[{\"@type\":\"ListItem\",\"position\":1,\"name\":\"Accueil\",\"item\":\"https:\\\/\\\/www.autojm.fr\\\/blog\\\/\"},{\"@type\":\"ListItem\",\"position\":2,\"name\":\"Conseils &amp; Astuces\",\"item\":\"https:\\\/\\\/www.autojm.fr\\\/blog\\\/conseils-astuces\\\/\"},{\"@type\":\"ListItem\",\"position\":3,\"name\":\"Conseils voitures propres\",\"item\":\"https:\\\/\\\/www.autojm.fr\\\/blog\\\/conseils-astuces\\\/conseils-voitures-propres\\\/\"},{\"@type\":\"ListItem\",\"position\":4,\"name\":\"Quelle autonomie pour une voiture hybride ?\u00a0\"}]},{\"@type\":\"WebSite\",\"@id\":\"https:\\\/\\\/www.autojm.fr\\\/blog\\\/#website\",\"url\":\"https:\\\/\\\/www.autojm.fr\\\/blog\\\/\",\"name\":\"AutoJM Mag\",\"description\":\"Toute l&#039;actu auto en 1 clic !\",\"publisher\":{\"@id\":\"https:\\\/\\\/www.autojm.fr\\\/blog\\\/#organization\"},\"potentialAction\":[{\"@type\":\"SearchAction\",\"target\":{\"@type\":\"EntryPoint\",\"urlTemplate\":\"https:\\\/\\\/www.autojm.fr\\\/blog\\\/?s={search_term_string}\"},\"query-input\":{\"@type\":\"PropertyValueSpecification\",\"valueRequired\":true,\"valueName\":\"search_term_string\"}}],\"inLanguage\":\"fr-FR\"},{\"@type\":\"Organization\",\"@id\":\"https:\\\/\\\/www.autojm.fr\\\/blog\\\/#organization\",\"name\":\"AutoJM Mag\",\"url\":\"https:\\\/\\\/www.autojm.fr\\\/blog\\\/\",\"logo\":{\"@type\":\"ImageObject\",\"inLanguage\":\"fr-FR\",\"@id\":\"https:\\\/\\\/www.autojm.fr\\\/blog\\\/#\\\/schema\\\/logo\\\/image\\\/\",\"url\":\"https:\\\/\\\/www.autojm.fr\\\/blog\\\/wp-content\\\/uploads\\\/2022\\\/12\\\/cropped-AutoJMag-png.png\",\"contentUrl\":\"https:\\\/\\\/www.autojm.fr\\\/blog\\\/wp-content\\\/uploads\\\/2022\\\/12\\\/cropped-AutoJMag-png.png\",\"width\":2834,\"height\":585,\"caption\":\"AutoJM Mag\"},\"image\":{\"@id\":\"https:\\\/\\\/www.autojm.fr\\\/blog\\\/#\\\/schema\\\/logo\\\/image\\\/\"},\"sameAs\":[\"https:\\\/\\\/www.facebook.com\\\/AutoJM25\"]},{\"@type\":\"Person\",\"@id\":\"https:\\\/\\\/www.autojm.fr\\\/blog\\\/#\\\/schema\\\/person\\\/1cc83a91548d88a62eb8cf06f562a72c\",\"name\":\"Justine Tripard\",\"image\":{\"@type\":\"ImageObject\",\"inLanguage\":\"fr-FR\",\"@id\":\"https:\\\/\\\/secure.gravatar.com\\\/avatar\\\/b8b45209a4cf0b7b127b9238ec348090e7302306d2485eeaab17b6761fe84991?s=96&d=mm&r=g\",\"url\":\"https:\\\/\\\/secure.gravatar.com\\\/avatar\\\/b8b45209a4cf0b7b127b9238ec348090e7302306d2485eeaab17b6761fe84991?s=96&d=mm&r=g\",\"contentUrl\":\"https:\\\/\\\/secure.gravatar.com\\\/avatar\\\/b8b45209a4cf0b7b127b9238ec348090e7302306d2485eeaab17b6761fe84991?s=96&d=mm&r=g\",\"caption\":\"Justine Tripard\"},\"url\":\"https:\\\/\\\/www.autojm.fr\\\/blog\\\/author\\\/justine\\\/\"}]}<\/script>\n<!-- \/ Yoast SEO plugin. -->","yoast_head_json":{"title":"Quelle autonomie pour une voiture hybride ?\u00a0 - AutoJM Mag","description":"Qu\u2019il soit classique ou rechargeable, l\u2019autonomie \u00e9lectrique d\u2019un v\u00e9hicule hybride d\u00e9pend de la technologie utilis\u00e9e et de la capacit\u00e9 de...","robots":{"index":"index","follow":"follow","max-snippet":"max-snippet:-1","max-image-preview":"max-image-preview:large","max-video-preview":"max-video-preview:-1"},"canonical":"https:\/\/www.autojm.fr\/blog\/quelle-autonomie-pour-une-voiture-hybride\/","og_locale":"fr_FR","og_type":"article","og_title":"Quelle autonomie pour une voiture hybride ?\u00a0 - AutoJM Mag","og_description":"Qu\u2019il soit classique ou rechargeable, l\u2019autonomie \u00e9lectrique d\u2019un v\u00e9hicule hybride d\u00e9pend de la technologie utilis\u00e9e et de la capacit\u00e9 de...","og_url":"https:\/\/www.autojm.fr\/blog\/quelle-autonomie-pour-une-voiture-hybride\/","og_site_name":"AutoJM Mag","article_publisher":"https:\/\/www.facebook.com\/AutoJM25","article_published_time":"2023-06-28T09:23:00+00:00","article_modified_time":"2024-04-03T13:52:53+00:00","og_image":[{"width":1000,"height":500,"url":"https:\/\/www.autojm.fr\/blog\/wp-content\/uploads\/2023\/06\/Autonomie-voiture-hybride.jpg","type":"image\/jpeg"}],"author":"Justine Tripard","twitter_card":"summary_large_image","twitter_misc":{"\u00c9crit par":"Justine Tripard","Dur\u00e9e de lecture estim\u00e9e":"4 minutes"},"schema":{"@context":"https:\/\/schema.org","@graph":[{"@type":"Article","@id":"https:\/\/www.autojm.fr\/blog\/quelle-autonomie-pour-une-voiture-hybride\/#article","isPartOf":{"@id":"https:\/\/www.autojm.fr\/blog\/quelle-autonomie-pour-une-voiture-hybride\/"},"author":{"name":"Justine Tripard","@id":"https:\/\/www.autojm.fr\/blog\/#\/schema\/person\/1cc83a91548d88a62eb8cf06f562a72c"},"headline":"Quelle autonomie pour une voiture hybride ?\u00a0","datePublished":"2023-06-28T09:23:00+00:00","dateModified":"2024-04-03T13:52:53+00:00","mainEntityOfPage":{"@id":"https:\/\/www.autojm.fr\/blog\/quelle-autonomie-pour-une-voiture-hybride\/"},"wordCount":6,"commentCount":0,"publisher":{"@id":"https:\/\/www.autojm.fr\/blog\/#organization"},"image":{"@id":"https:\/\/www.autojm.fr\/blog\/quelle-autonomie-pour-une-voiture-hybride\/#primaryimage"},"thumbnailUrl":"https:\/\/www.autojm.fr\/blog\/wp-content\/uploads\/2023\/06\/Autonomie-voiture-hybride.jpg","keywords":["208","3008","308","408","arkana","Austral","autojm","C3","C5 Aircross","captur","Citro\u00ebn","Clio 5","DS","DS7","Ford","formentor","Hyundai","Kia","leon 5 portes","leon sportstourer","Nissan","peugeot","renault","Seat","Toyota"],"articleSection":["Conseils voitures propres"],"inLanguage":"fr-FR","potentialAction":[{"@type":"CommentAction","name":"Comment","target":["https:\/\/www.autojm.fr\/blog\/quelle-autonomie-pour-une-voiture-hybride\/#respond"]}]},{"@type":"WebPage","@id":"https:\/\/www.autojm.fr\/blog\/quelle-autonomie-pour-une-voiture-hybride\/","url":"https:\/\/www.autojm.fr\/blog\/quelle-autonomie-pour-une-voiture-hybride\/","name":"Quelle autonomie pour une voiture hybride ?\u00a0 - AutoJM Mag","isPartOf":{"@id":"https:\/\/www.autojm.fr\/blog\/#website"},"primaryImageOfPage":{"@id":"https:\/\/www.autojm.fr\/blog\/quelle-autonomie-pour-une-voiture-hybride\/#primaryimage"},"image":{"@id":"https:\/\/www.autojm.fr\/blog\/quelle-autonomie-pour-une-voiture-hybride\/#primaryimage"},"thumbnailUrl":"https:\/\/www.autojm.fr\/blog\/wp-content\/uploads\/2023\/06\/Autonomie-voiture-hybride.jpg","datePublished":"2023-06-28T09:23:00+00:00","dateModified":"2024-04-03T13:52:53+00:00","description":"Qu\u2019il soit classique ou rechargeable, l\u2019autonomie \u00e9lectrique d\u2019un v\u00e9hicule hybride d\u00e9pend de la technologie utilis\u00e9e et de la capacit\u00e9 de...","breadcrumb":{"@id":"https:\/\/www.autojm.fr\/blog\/quelle-autonomie-pour-une-voiture-hybride\/#breadcrumb"},"inLanguage":"fr-FR","potentialAction":[{"@type":"ReadAction","target":["https:\/\/www.autojm.fr\/blog\/quelle-autonomie-pour-une-voiture-hybride\/"]}]},{"@type":"ImageObject","inLanguage":"fr-FR","@id":"https:\/\/www.autojm.fr\/blog\/quelle-autonomie-pour-une-voiture-hybride\/#primaryimage","url":"https:\/\/www.autojm.fr\/blog\/wp-content\/uploads\/2023\/06\/Autonomie-voiture-hybride.jpg","contentUrl":"https:\/\/www.autojm.fr\/blog\/wp-content\/uploads\/2023\/06\/Autonomie-voiture-hybride.jpg","width":1000,"height":500,"caption":"Autonomie voiture hybride"},{"@type":"BreadcrumbList","@id":"https:\/\/www.autojm.fr\/blog\/quelle-autonomie-pour-une-voiture-hybride\/#breadcrumb","itemListElement":[{"@type":"ListItem","position":1,"name":"Accueil","item":"https:\/\/www.autojm.fr\/blog\/"},{"@type":"ListItem","position":2,"name":"Conseils &amp; Astuces","item":"https:\/\/www.autojm.fr\/blog\/conseils-astuces\/"},{"@type":"ListItem","position":3,"name":"Conseils voitures propres","item":"https:\/\/www.autojm.fr\/blog\/conseils-astuces\/conseils-voitures-propres\/"},{"@type":"ListItem","position":4,"name":"Quelle autonomie pour une voiture hybride ?\u00a0"}]},{"@type":"WebSite","@id":"https:\/\/www.autojm.fr\/blog\/#website","url":"https:\/\/www.autojm.fr\/blog\/","name":"AutoJM Mag","description":"Toute l&#039;actu auto en 1 clic !","publisher":{"@id":"https:\/\/www.autojm.fr\/blog\/#organization"},"potentialAction":[{"@type":"SearchAction","target":{"@type":"EntryPoint","urlTemplate":"https:\/\/www.autojm.fr\/blog\/?s={search_term_string}"},"query-input":{"@type":"PropertyValueSpecification","valueRequired":true,"valueName":"search_term_string"}}],"inLanguage":"fr-FR"},{"@type":"Organization","@id":"https:\/\/www.autojm.fr\/blog\/#organization","name":"AutoJM Mag","url":"https:\/\/www.autojm.fr\/blog\/","logo":{"@type":"ImageObject","inLanguage":"fr-FR","@id":"https:\/\/www.autojm.fr\/blog\/#\/schema\/logo\/image\/","url":"https:\/\/www.autojm.fr\/blog\/wp-content\/uploads\/2022\/12\/cropped-AutoJMag-png.png","contentUrl":"https:\/\/www.autojm.fr\/blog\/wp-content\/uploads\/2022\/12\/cropped-AutoJMag-png.png","width":2834,"height":585,"caption":"AutoJM Mag"},"image":{"@id":"https:\/\/www.autojm.fr\/blog\/#\/schema\/logo\/image\/"},"sameAs":["https:\/\/www.facebook.com\/AutoJM25"]},{"@type":"Person","@id":"https:\/\/www.autojm.fr\/blog\/#\/schema\/person\/1cc83a91548d88a62eb8cf06f562a72c","name":"Justine Tripard","image":{"@type":"ImageObject","inLanguage":"fr-FR","@id":"https:\/\/secure.gravatar.com\/avatar\/b8b45209a4cf0b7b127b9238ec348090e7302306d2485eeaab17b6761fe84991?s=96&d=mm&r=g","url":"https:\/\/secure.gravatar.com\/avatar\/b8b45209a4cf0b7b127b9238ec348090e7302306d2485eeaab17b6761fe84991?s=96&d=mm&r=g","contentUrl":"https:\/\/secure.gravatar.com\/avatar\/b8b45209a4cf0b7b127b9238ec348090e7302306d2485eeaab17b6761fe84991?s=96&d=mm&r=g","caption":"Justine Tripard"},"url":"https:\/\/www.autojm.fr\/blog\/author\/justine\/"}]}},"_links":{"self":[{"href":"https:\/\/www.autojm.fr\/blog\/wp-json\/wp\/v2\/posts\/10540","targetHints":{"allow":["GET"]}}],"collection":[{"href":"https:\/\/www.autojm.fr\/blog\/wp-json\/wp\/v2\/posts"}],"about":[{"href":"https:\/\/www.autojm.fr\/blog\/wp-json\/wp\/v2\/types\/post"}],"author":[{"embeddable":true,"href":"https:\/\/www.autojm.fr\/blog\/wp-json\/wp\/v2\/users\/6"}],"replies":[{"embeddable":true,"href":"https:\/\/www.autojm.fr\/blog\/wp-json\/wp\/v2\/comments?post=10540"}],"version-history":[{"count":6,"href":"https:\/\/www.autojm.fr\/blog\/wp-json\/wp\/v2\/posts\/10540\/revisions"}],"predecessor-version":[{"id":10556,"href":"https:\/\/www.autojm.fr\/blog\/wp-json\/wp\/v2\/posts\/10540\/revisions\/10556"}],"wp:featuredmedia":[{"embeddable":true,"href":"https:\/\/www.autojm.fr\/blog\/wp-json\/wp\/v2\/media\/10542"}],"wp:attachment":[{"href":"https:\/\/www.autojm.fr\/blog\/wp-json\/wp\/v2\/media?parent=10540"}],"wp:term":[{"taxonomy":"category","embeddable":true,"href":"https:\/\/www.autojm.fr\/blog\/wp-json\/wp\/v2\/categories?post=10540"},{"taxonomy":"post_tag","embeddable":true,"href":"https:\/\/www.autojm.fr\/blog\/wp-json\/wp\/v2\/tags?post=10540"}],"curies":[{"name":"wp","href":"https:\/\/api.w.org\/{rel}","templated":true}]}}