{"id":10372,"date":"2023-06-26T12:04:34","date_gmt":"2023-06-26T12:04:34","guid":{"rendered":"https:\/\/www.autojm.fr\/blog\/?p=10372"},"modified":"2024-04-03T13:53:39","modified_gmt":"2024-04-03T13:53:39","slug":"le-prix-des-peages-en-hausse","status":"publish","type":"post","link":"https:\/\/www.autojm.fr\/blog\/le-prix-des-peages-en-hausse\/","title":{"rendered":"Le prix des p\u00e9ages en hausse\u00a0"},"content":{"rendered":"","protected":false},"excerpt":{"rendered":"<p>Alors qu\u2019ils avaient augment\u00e9 de seulement 2% en 2022, les tarifs des p\u00e9ages autoroutiers ont bondi cette ann\u00e9e en France et enregistrent une hausse moyenne de 4.75% dans un contexte d\u2019inflation. Une \u00e9volution qui s\u2019accompagne d\u2019une exon\u00e9ration de l\u2019augmentation pour les v\u00e9hicules \u00e9lectriques et d\u2019une ristourne accord\u00e9e aux automobilistes qui empruntent r\u00e9guli\u00e8rement l\u2019autoroute dans le cadre des trajets du quotidien. <\/p>\n","protected":false},"author":6,"featured_media":10374,"comment_status":"open","ping_status":"open","sticky":false,"template":"","format":"standard","meta":{"_acf_changed":false,"content-type":"","footnotes":""},"categories":[5],"tags":[88,336,333,314,91,318,90,301,188,87,85,92,105,111,109,98,259,106,83,80,108,73,78,174,169],"class_list":["post-10372","post","type-post","status-publish","format-standard","has-post-thumbnail","hentry","category-actualite-automobile","tag-88","tag-336","tag-333","tag-314","tag-arkana","tag-austral","tag-autojm","tag-c3","tag-c5-aircross","tag-captur","tag-citroen-2","tag-clio-5","tag-ds","tag-ds7","tag-ford","tag-formentor","tag-hyundai","tag-kia","tag-leon-5-portes","tag-leon-sportstourer","tag-nissan","tag-peugeot","tag-renault","tag-seat","tag-toyota"],"acf":[],"yoast_head":"<!-- This site is optimized with the Yoast SEO plugin v27.5 - https:\/\/yoast.com\/product\/yoast-seo-wordpress\/ -->\n<title>Le prix des p\u00e9ages en hausse\u00a0 - AutoJM Mag<\/title>\n<meta name=\"description\" content=\"Alors qu\u2019ils avaient augment\u00e9 de seulement 2% en 2022, les tarifs des p\u00e9ages autoroutiers ont bondi cette ann\u00e9e en France et...\" \/>\n<meta name=\"robots\" content=\"index, follow, max-snippet:-1, max-image-preview:large, max-video-preview:-1\" \/>\n<link rel=\"canonical\" href=\"https:\/\/www.autojm.fr\/blog\/le-prix-des-peages-en-hausse\/\" \/>\n<meta property=\"og:locale\" content=\"fr_FR\" \/>\n<meta property=\"og:type\" content=\"article\" \/>\n<meta property=\"og:title\" content=\"Le prix des p\u00e9ages en hausse\u00a0 - AutoJM Mag\" \/>\n<meta property=\"og:description\" content=\"Alors qu\u2019ils avaient augment\u00e9 de seulement 2% en 2022, les tarifs des p\u00e9ages autoroutiers ont bondi cette ann\u00e9e en France et...\" \/>\n<meta property=\"og:url\" content=\"https:\/\/www.autojm.fr\/blog\/le-prix-des-peages-en-hausse\/\" \/>\n<meta property=\"og:site_name\" content=\"AutoJM Mag\" \/>\n<meta property=\"article:publisher\" content=\"https:\/\/www.facebook.com\/AutoJM25\" \/>\n<meta property=\"article:published_time\" content=\"2023-06-26T12:04:34+00:00\" \/>\n<meta property=\"article:modified_time\" content=\"2024-04-03T13:53:39+00:00\" \/>\n<meta property=\"og:image\" content=\"https:\/\/www.autojm.fr\/blog\/wp-content\/uploads\/2023\/06\/Peage.jpg\" \/>\n\t<meta property=\"og:image:width\" content=\"1000\" \/>\n\t<meta property=\"og:image:height\" content=\"500\" \/>\n\t<meta property=\"og:image:type\" content=\"image\/jpeg\" \/>\n<meta name=\"author\" content=\"Justine Tripard\" \/>\n<meta name=\"twitter:card\" content=\"summary_large_image\" \/>\n<meta name=\"twitter:label1\" content=\"\u00c9crit par\" \/>\n\t<meta name=\"twitter:data1\" content=\"Justine Tripard\" \/>\n\t<meta name=\"twitter:label2\" content=\"Dur\u00e9e de lecture estim\u00e9e\" \/>\n\t<meta name=\"twitter:data2\" content=\"4 minutes\" \/>\n<script type=\"application\/ld+json\" class=\"yoast-schema-graph\">{\"@context\":\"https:\\\/\\\/schema.org\",\"@graph\":[{\"@type\":\"Article\",\"@id\":\"https:\\\/\\\/www.autojm.fr\\\/blog\\\/le-prix-des-peages-en-hausse\\\/#article\",\"isPartOf\":{\"@id\":\"https:\\\/\\\/www.autojm.fr\\\/blog\\\/le-prix-des-peages-en-hausse\\\/\"},\"author\":{\"name\":\"Justine Tripard\",\"@id\":\"https:\\\/\\\/www.autojm.fr\\\/blog\\\/#\\\/schema\\\/person\\\/1cc83a91548d88a62eb8cf06f562a72c\"},\"headline\":\"Le prix des p\u00e9ages en hausse\u00a0\",\"datePublished\":\"2023-06-26T12:04:34+00:00\",\"dateModified\":\"2024-04-03T13:53:39+00:00\",\"mainEntityOfPage\":{\"@id\":\"https:\\\/\\\/www.autojm.fr\\\/blog\\\/le-prix-des-peages-en-hausse\\\/\"},\"wordCount\":7,\"commentCount\":0,\"publisher\":{\"@id\":\"https:\\\/\\\/www.autojm.fr\\\/blog\\\/#organization\"},\"image\":{\"@id\":\"https:\\\/\\\/www.autojm.fr\\\/blog\\\/le-prix-des-peages-en-hausse\\\/#primaryimage\"},\"thumbnailUrl\":\"https:\\\/\\\/www.autojm.fr\\\/blog\\\/wp-content\\\/uploads\\\/2023\\\/06\\\/Peage.jpg\",\"keywords\":[\"208\",\"3008\",\"308\",\"408\",\"arkana\",\"Austral\",\"autojm\",\"C3\",\"C5 Aircross\",\"captur\",\"Citro\u00ebn\",\"Clio 5\",\"DS\",\"DS7\",\"Ford\",\"formentor\",\"Hyundai\",\"Kia\",\"leon 5 portes\",\"leon sportstourer\",\"Nissan\",\"peugeot\",\"renault\",\"Seat\",\"Toyota\"],\"articleSection\":[\"Actualit\u00e9 Automobile\"],\"inLanguage\":\"fr-FR\",\"potentialAction\":[{\"@type\":\"CommentAction\",\"name\":\"Comment\",\"target\":[\"https:\\\/\\\/www.autojm.fr\\\/blog\\\/le-prix-des-peages-en-hausse\\\/#respond\"]}]},{\"@type\":\"WebPage\",\"@id\":\"https:\\\/\\\/www.autojm.fr\\\/blog\\\/le-prix-des-peages-en-hausse\\\/\",\"url\":\"https:\\\/\\\/www.autojm.fr\\\/blog\\\/le-prix-des-peages-en-hausse\\\/\",\"name\":\"Le prix des p\u00e9ages en hausse\u00a0 - AutoJM Mag\",\"isPartOf\":{\"@id\":\"https:\\\/\\\/www.autojm.fr\\\/blog\\\/#website\"},\"primaryImageOfPage\":{\"@id\":\"https:\\\/\\\/www.autojm.fr\\\/blog\\\/le-prix-des-peages-en-hausse\\\/#primaryimage\"},\"image\":{\"@id\":\"https:\\\/\\\/www.autojm.fr\\\/blog\\\/le-prix-des-peages-en-hausse\\\/#primaryimage\"},\"thumbnailUrl\":\"https:\\\/\\\/www.autojm.fr\\\/blog\\\/wp-content\\\/uploads\\\/2023\\\/06\\\/Peage.jpg\",\"datePublished\":\"2023-06-26T12:04:34+00:00\",\"dateModified\":\"2024-04-03T13:53:39+00:00\",\"description\":\"Alors qu\u2019ils avaient augment\u00e9 de seulement 2% en 2022, les tarifs des p\u00e9ages autoroutiers ont bondi cette ann\u00e9e en France et...\",\"breadcrumb\":{\"@id\":\"https:\\\/\\\/www.autojm.fr\\\/blog\\\/le-prix-des-peages-en-hausse\\\/#breadcrumb\"},\"inLanguage\":\"fr-FR\",\"potentialAction\":[{\"@type\":\"ReadAction\",\"target\":[\"https:\\\/\\\/www.autojm.fr\\\/blog\\\/le-prix-des-peages-en-hausse\\\/\"]}]},{\"@type\":\"ImageObject\",\"inLanguage\":\"fr-FR\",\"@id\":\"https:\\\/\\\/www.autojm.fr\\\/blog\\\/le-prix-des-peages-en-hausse\\\/#primaryimage\",\"url\":\"https:\\\/\\\/www.autojm.fr\\\/blog\\\/wp-content\\\/uploads\\\/2023\\\/06\\\/Peage.jpg\",\"contentUrl\":\"https:\\\/\\\/www.autojm.fr\\\/blog\\\/wp-content\\\/uploads\\\/2023\\\/06\\\/Peage.jpg\",\"width\":1000,\"height\":500,\"caption\":\"P\u00e9age\"},{\"@type\":\"BreadcrumbList\",\"@id\":\"https:\\\/\\\/www.autojm.fr\\\/blog\\\/le-prix-des-peages-en-hausse\\\/#breadcrumb\",\"itemListElement\":[{\"@type\":\"ListItem\",\"position\":1,\"name\":\"Accueil\",\"item\":\"https:\\\/\\\/www.autojm.fr\\\/blog\\\/\"},{\"@type\":\"ListItem\",\"position\":2,\"name\":\"Actualit\u00e9 Automobile\",\"item\":\"https:\\\/\\\/www.autojm.fr\\\/blog\\\/actualite-automobile\\\/\"},{\"@type\":\"ListItem\",\"position\":3,\"name\":\"Le prix des p\u00e9ages en hausse\u00a0\"}]},{\"@type\":\"WebSite\",\"@id\":\"https:\\\/\\\/www.autojm.fr\\\/blog\\\/#website\",\"url\":\"https:\\\/\\\/www.autojm.fr\\\/blog\\\/\",\"name\":\"AutoJM Mag\",\"description\":\"Toute l&#039;actu auto en 1 clic !\",\"publisher\":{\"@id\":\"https:\\\/\\\/www.autojm.fr\\\/blog\\\/#organization\"},\"potentialAction\":[{\"@type\":\"SearchAction\",\"target\":{\"@type\":\"EntryPoint\",\"urlTemplate\":\"https:\\\/\\\/www.autojm.fr\\\/blog\\\/?s={search_term_string}\"},\"query-input\":{\"@type\":\"PropertyValueSpecification\",\"valueRequired\":true,\"valueName\":\"search_term_string\"}}],\"inLanguage\":\"fr-FR\"},{\"@type\":\"Organization\",\"@id\":\"https:\\\/\\\/www.autojm.fr\\\/blog\\\/#organization\",\"name\":\"AutoJM Mag\",\"url\":\"https:\\\/\\\/www.autojm.fr\\\/blog\\\/\",\"logo\":{\"@type\":\"ImageObject\",\"inLanguage\":\"fr-FR\",\"@id\":\"https:\\\/\\\/www.autojm.fr\\\/blog\\\/#\\\/schema\\\/logo\\\/image\\\/\",\"url\":\"https:\\\/\\\/www.autojm.fr\\\/blog\\\/wp-content\\\/uploads\\\/2022\\\/12\\\/cropped-AutoJMag-png.png\",\"contentUrl\":\"https:\\\/\\\/www.autojm.fr\\\/blog\\\/wp-content\\\/uploads\\\/2022\\\/12\\\/cropped-AutoJMag-png.png\",\"width\":2834,\"height\":585,\"caption\":\"AutoJM Mag\"},\"image\":{\"@id\":\"https:\\\/\\\/www.autojm.fr\\\/blog\\\/#\\\/schema\\\/logo\\\/image\\\/\"},\"sameAs\":[\"https:\\\/\\\/www.facebook.com\\\/AutoJM25\"]},{\"@type\":\"Person\",\"@id\":\"https:\\\/\\\/www.autojm.fr\\\/blog\\\/#\\\/schema\\\/person\\\/1cc83a91548d88a62eb8cf06f562a72c\",\"name\":\"Justine Tripard\",\"image\":{\"@type\":\"ImageObject\",\"inLanguage\":\"fr-FR\",\"@id\":\"https:\\\/\\\/secure.gravatar.com\\\/avatar\\\/b8b45209a4cf0b7b127b9238ec348090e7302306d2485eeaab17b6761fe84991?s=96&d=mm&r=g\",\"url\":\"https:\\\/\\\/secure.gravatar.com\\\/avatar\\\/b8b45209a4cf0b7b127b9238ec348090e7302306d2485eeaab17b6761fe84991?s=96&d=mm&r=g\",\"contentUrl\":\"https:\\\/\\\/secure.gravatar.com\\\/avatar\\\/b8b45209a4cf0b7b127b9238ec348090e7302306d2485eeaab17b6761fe84991?s=96&d=mm&r=g\",\"caption\":\"Justine Tripard\"},\"url\":\"https:\\\/\\\/www.autojm.fr\\\/blog\\\/author\\\/justine\\\/\"}]}<\/script>\n<!-- \/ Yoast SEO plugin. -->","yoast_head_json":{"title":"Le prix des p\u00e9ages en hausse\u00a0 - AutoJM Mag","description":"Alors qu\u2019ils avaient augment\u00e9 de seulement 2% en 2022, les tarifs des p\u00e9ages autoroutiers ont bondi cette ann\u00e9e en France et...","robots":{"index":"index","follow":"follow","max-snippet":"max-snippet:-1","max-image-preview":"max-image-preview:large","max-video-preview":"max-video-preview:-1"},"canonical":"https:\/\/www.autojm.fr\/blog\/le-prix-des-peages-en-hausse\/","og_locale":"fr_FR","og_type":"article","og_title":"Le prix des p\u00e9ages en hausse\u00a0 - AutoJM Mag","og_description":"Alors qu\u2019ils avaient augment\u00e9 de seulement 2% en 2022, les tarifs des p\u00e9ages autoroutiers ont bondi cette ann\u00e9e en France et...","og_url":"https:\/\/www.autojm.fr\/blog\/le-prix-des-peages-en-hausse\/","og_site_name":"AutoJM Mag","article_publisher":"https:\/\/www.facebook.com\/AutoJM25","article_published_time":"2023-06-26T12:04:34+00:00","article_modified_time":"2024-04-03T13:53:39+00:00","og_image":[{"width":1000,"height":500,"url":"https:\/\/www.autojm.fr\/blog\/wp-content\/uploads\/2023\/06\/Peage.jpg","type":"image\/jpeg"}],"author":"Justine Tripard","twitter_card":"summary_large_image","twitter_misc":{"\u00c9crit par":"Justine Tripard","Dur\u00e9e de lecture estim\u00e9e":"4 minutes"},"schema":{"@context":"https:\/\/schema.org","@graph":[{"@type":"Article","@id":"https:\/\/www.autojm.fr\/blog\/le-prix-des-peages-en-hausse\/#article","isPartOf":{"@id":"https:\/\/www.autojm.fr\/blog\/le-prix-des-peages-en-hausse\/"},"author":{"name":"Justine Tripard","@id":"https:\/\/www.autojm.fr\/blog\/#\/schema\/person\/1cc83a91548d88a62eb8cf06f562a72c"},"headline":"Le prix des p\u00e9ages en hausse\u00a0","datePublished":"2023-06-26T12:04:34+00:00","dateModified":"2024-04-03T13:53:39+00:00","mainEntityOfPage":{"@id":"https:\/\/www.autojm.fr\/blog\/le-prix-des-peages-en-hausse\/"},"wordCount":7,"commentCount":0,"publisher":{"@id":"https:\/\/www.autojm.fr\/blog\/#organization"},"image":{"@id":"https:\/\/www.autojm.fr\/blog\/le-prix-des-peages-en-hausse\/#primaryimage"},"thumbnailUrl":"https:\/\/www.autojm.fr\/blog\/wp-content\/uploads\/2023\/06\/Peage.jpg","keywords":["208","3008","308","408","arkana","Austral","autojm","C3","C5 Aircross","captur","Citro\u00ebn","Clio 5","DS","DS7","Ford","formentor","Hyundai","Kia","leon 5 portes","leon sportstourer","Nissan","peugeot","renault","Seat","Toyota"],"articleSection":["Actualit\u00e9 Automobile"],"inLanguage":"fr-FR","potentialAction":[{"@type":"CommentAction","name":"Comment","target":["https:\/\/www.autojm.fr\/blog\/le-prix-des-peages-en-hausse\/#respond"]}]},{"@type":"WebPage","@id":"https:\/\/www.autojm.fr\/blog\/le-prix-des-peages-en-hausse\/","url":"https:\/\/www.autojm.fr\/blog\/le-prix-des-peages-en-hausse\/","name":"Le prix des p\u00e9ages en hausse\u00a0 - AutoJM Mag","isPartOf":{"@id":"https:\/\/www.autojm.fr\/blog\/#website"},"primaryImageOfPage":{"@id":"https:\/\/www.autojm.fr\/blog\/le-prix-des-peages-en-hausse\/#primaryimage"},"image":{"@id":"https:\/\/www.autojm.fr\/blog\/le-prix-des-peages-en-hausse\/#primaryimage"},"thumbnailUrl":"https:\/\/www.autojm.fr\/blog\/wp-content\/uploads\/2023\/06\/Peage.jpg","datePublished":"2023-06-26T12:04:34+00:00","dateModified":"2024-04-03T13:53:39+00:00","description":"Alors qu\u2019ils avaient augment\u00e9 de seulement 2% en 2022, les tarifs des p\u00e9ages autoroutiers ont bondi cette ann\u00e9e en France et...","breadcrumb":{"@id":"https:\/\/www.autojm.fr\/blog\/le-prix-des-peages-en-hausse\/#breadcrumb"},"inLanguage":"fr-FR","potentialAction":[{"@type":"ReadAction","target":["https:\/\/www.autojm.fr\/blog\/le-prix-des-peages-en-hausse\/"]}]},{"@type":"ImageObject","inLanguage":"fr-FR","@id":"https:\/\/www.autojm.fr\/blog\/le-prix-des-peages-en-hausse\/#primaryimage","url":"https:\/\/www.autojm.fr\/blog\/wp-content\/uploads\/2023\/06\/Peage.jpg","contentUrl":"https:\/\/www.autojm.fr\/blog\/wp-content\/uploads\/2023\/06\/Peage.jpg","width":1000,"height":500,"caption":"P\u00e9age"},{"@type":"BreadcrumbList","@id":"https:\/\/www.autojm.fr\/blog\/le-prix-des-peages-en-hausse\/#breadcrumb","itemListElement":[{"@type":"ListItem","position":1,"name":"Accueil","item":"https:\/\/www.autojm.fr\/blog\/"},{"@type":"ListItem","position":2,"name":"Actualit\u00e9 Automobile","item":"https:\/\/www.autojm.fr\/blog\/actualite-automobile\/"},{"@type":"ListItem","position":3,"name":"Le prix des p\u00e9ages en hausse\u00a0"}]},{"@type":"WebSite","@id":"https:\/\/www.autojm.fr\/blog\/#website","url":"https:\/\/www.autojm.fr\/blog\/","name":"AutoJM Mag","description":"Toute l&#039;actu auto en 1 clic !","publisher":{"@id":"https:\/\/www.autojm.fr\/blog\/#organization"},"potentialAction":[{"@type":"SearchAction","target":{"@type":"EntryPoint","urlTemplate":"https:\/\/www.autojm.fr\/blog\/?s={search_term_string}"},"query-input":{"@type":"PropertyValueSpecification","valueRequired":true,"valueName":"search_term_string"}}],"inLanguage":"fr-FR"},{"@type":"Organization","@id":"https:\/\/www.autojm.fr\/blog\/#organization","name":"AutoJM Mag","url":"https:\/\/www.autojm.fr\/blog\/","logo":{"@type":"ImageObject","inLanguage":"fr-FR","@id":"https:\/\/www.autojm.fr\/blog\/#\/schema\/logo\/image\/","url":"https:\/\/www.autojm.fr\/blog\/wp-content\/uploads\/2022\/12\/cropped-AutoJMag-png.png","contentUrl":"https:\/\/www.autojm.fr\/blog\/wp-content\/uploads\/2022\/12\/cropped-AutoJMag-png.png","width":2834,"height":585,"caption":"AutoJM Mag"},"image":{"@id":"https:\/\/www.autojm.fr\/blog\/#\/schema\/logo\/image\/"},"sameAs":["https:\/\/www.facebook.com\/AutoJM25"]},{"@type":"Person","@id":"https:\/\/www.autojm.fr\/blog\/#\/schema\/person\/1cc83a91548d88a62eb8cf06f562a72c","name":"Justine Tripard","image":{"@type":"ImageObject","inLanguage":"fr-FR","@id":"https:\/\/secure.gravatar.com\/avatar\/b8b45209a4cf0b7b127b9238ec348090e7302306d2485eeaab17b6761fe84991?s=96&d=mm&r=g","url":"https:\/\/secure.gravatar.com\/avatar\/b8b45209a4cf0b7b127b9238ec348090e7302306d2485eeaab17b6761fe84991?s=96&d=mm&r=g","contentUrl":"https:\/\/secure.gravatar.com\/avatar\/b8b45209a4cf0b7b127b9238ec348090e7302306d2485eeaab17b6761fe84991?s=96&d=mm&r=g","caption":"Justine Tripard"},"url":"https:\/\/www.autojm.fr\/blog\/author\/justine\/"}]}},"_links":{"self":[{"href":"https:\/\/www.autojm.fr\/blog\/wp-json\/wp\/v2\/posts\/10372","targetHints":{"allow":["GET"]}}],"collection":[{"href":"https:\/\/www.autojm.fr\/blog\/wp-json\/wp\/v2\/posts"}],"about":[{"href":"https:\/\/www.autojm.fr\/blog\/wp-json\/wp\/v2\/types\/post"}],"author":[{"embeddable":true,"href":"https:\/\/www.autojm.fr\/blog\/wp-json\/wp\/v2\/users\/6"}],"replies":[{"embeddable":true,"href":"https:\/\/www.autojm.fr\/blog\/wp-json\/wp\/v2\/comments?post=10372"}],"version-history":[{"count":25,"href":"https:\/\/www.autojm.fr\/blog\/wp-json\/wp\/v2\/posts\/10372\/revisions"}],"predecessor-version":[{"id":10537,"href":"https:\/\/www.autojm.fr\/blog\/wp-json\/wp\/v2\/posts\/10372\/revisions\/10537"}],"wp:featuredmedia":[{"embeddable":true,"href":"https:\/\/www.autojm.fr\/blog\/wp-json\/wp\/v2\/media\/10374"}],"wp:attachment":[{"href":"https:\/\/www.autojm.fr\/blog\/wp-json\/wp\/v2\/media?parent=10372"}],"wp:term":[{"taxonomy":"category","embeddable":true,"href":"https:\/\/www.autojm.fr\/blog\/wp-json\/wp\/v2\/categories?post=10372"},{"taxonomy":"post_tag","embeddable":true,"href":"https:\/\/www.autojm.fr\/blog\/wp-json\/wp\/v2\/tags?post=10372"}],"curies":[{"name":"wp","href":"https:\/\/api.w.org\/{rel}","templated":true}]}}