{"id":10347,"date":"2023-06-23T12:36:25","date_gmt":"2023-06-23T12:36:25","guid":{"rendered":"https:\/\/www.autojm.fr\/blog\/?p=10347"},"modified":"2023-06-26T12:20:16","modified_gmt":"2023-06-26T12:20:16","slug":"le-nouveau-renault-rafale-prend-son-envol","status":"publish","type":"post","link":"https:\/\/www.autojm.fr\/blog\/le-nouveau-renault-rafale-prend-son-envol\/","title":{"rendered":"Le nouveau Renault Rafale prend son envol\u00a0\u00a0"},"content":{"rendered":"","protected":false},"excerpt":{"rendered":"<p>Pr\u00e9sent\u00e9 au Salon du Bourget aux c\u00f4t\u00e9s du c\u00e9l\u00e8bre avion de chasse qui lui a donn\u00e9 son nom, le nouveau Renault Rafale s\u2019appr\u00eate \u00e0 int\u00e9grer le catalogue du constructeur fran\u00e7ais. En s\u2019inspirant de l\u2019a\u00e9ronautique avec une appellation qui ambitionne d\u2019incarner un nouveau souffle sur le haut de gamme, le mod\u00e8le adoptera les traits d\u2019un SUV coup\u00e9 avec un look diff\u00e9rent de celui des Renault Austral et Espace. Sa commercialisation est pr\u00e9vue au printemps 2024. <\/p>\n","protected":false},"author":6,"featured_media":10349,"comment_status":"open","ping_status":"open","sticky":false,"template":"","format":"standard","meta":{"_acf_changed":false,"content-type":"","footnotes":""},"categories":[62],"tags":[91,318,90,87,92,78],"class_list":["post-10347","post","type-post","status-publish","format-standard","has-post-thumbnail","hentry","category-nouveaute-renault","tag-arkana","tag-austral","tag-autojm","tag-captur","tag-clio-5","tag-renault"],"acf":[],"yoast_head":"<!-- This site is optimized with the Yoast SEO plugin v27.5 - https:\/\/yoast.com\/product\/yoast-seo-wordpress\/ -->\n<title>Le nouveau Renault Rafale prend son envol\u00a0\u00a0 - AutoJM Mag<\/title>\n<meta name=\"description\" content=\"Pr\u00e9sent\u00e9 au Salon du Bourget aux c\u00f4t\u00e9s du c\u00e9l\u00e8bre avion de chasse qui lui a donn\u00e9 son nom, le nouveau Renault Rafale s\u2019appr\u00eate \u00e0 int\u00e9grer...\" \/>\n<meta name=\"robots\" content=\"index, follow, max-snippet:-1, max-image-preview:large, max-video-preview:-1\" \/>\n<link rel=\"canonical\" href=\"https:\/\/www.autojm.fr\/blog\/le-nouveau-renault-rafale-prend-son-envol\/\" \/>\n<meta property=\"og:locale\" content=\"fr_FR\" \/>\n<meta property=\"og:type\" content=\"article\" \/>\n<meta property=\"og:title\" content=\"Le nouveau Renault Rafale prend son envol\u00a0\u00a0 - AutoJM Mag\" \/>\n<meta property=\"og:description\" content=\"Pr\u00e9sent\u00e9 au Salon du Bourget aux c\u00f4t\u00e9s du c\u00e9l\u00e8bre avion de chasse qui lui a donn\u00e9 son nom, le nouveau Renault Rafale s\u2019appr\u00eate \u00e0 int\u00e9grer...\" \/>\n<meta property=\"og:url\" content=\"https:\/\/www.autojm.fr\/blog\/le-nouveau-renault-rafale-prend-son-envol\/\" \/>\n<meta property=\"og:site_name\" content=\"AutoJM Mag\" \/>\n<meta property=\"article:publisher\" content=\"https:\/\/www.facebook.com\/AutoJM25\" \/>\n<meta property=\"article:published_time\" content=\"2023-06-23T12:36:25+00:00\" \/>\n<meta property=\"article:modified_time\" content=\"2023-06-26T12:20:16+00:00\" \/>\n<meta property=\"og:image\" content=\"https:\/\/www.autojm.fr\/blog\/wp-content\/uploads\/2023\/06\/Renault-Rafale-1.jpg\" \/>\n\t<meta property=\"og:image:width\" content=\"1000\" \/>\n\t<meta property=\"og:image:height\" content=\"500\" \/>\n\t<meta property=\"og:image:type\" content=\"image\/jpeg\" \/>\n<meta name=\"author\" content=\"Justine Tripard\" \/>\n<meta name=\"twitter:card\" content=\"summary_large_image\" \/>\n<meta name=\"twitter:label1\" content=\"\u00c9crit par\" \/>\n\t<meta name=\"twitter:data1\" content=\"Justine Tripard\" \/>\n<script type=\"application\/ld+json\" class=\"yoast-schema-graph\">{\"@context\":\"https:\\\/\\\/schema.org\",\"@graph\":[{\"@type\":\"Article\",\"@id\":\"https:\\\/\\\/www.autojm.fr\\\/blog\\\/le-nouveau-renault-rafale-prend-son-envol\\\/#article\",\"isPartOf\":{\"@id\":\"https:\\\/\\\/www.autojm.fr\\\/blog\\\/le-nouveau-renault-rafale-prend-son-envol\\\/\"},\"author\":{\"name\":\"Justine Tripard\",\"@id\":\"https:\\\/\\\/www.autojm.fr\\\/blog\\\/#\\\/schema\\\/person\\\/1cc83a91548d88a62eb8cf06f562a72c\"},\"headline\":\"Le nouveau Renault Rafale prend son envol\u00a0\u00a0\",\"datePublished\":\"2023-06-23T12:36:25+00:00\",\"dateModified\":\"2023-06-26T12:20:16+00:00\",\"mainEntityOfPage\":{\"@id\":\"https:\\\/\\\/www.autojm.fr\\\/blog\\\/le-nouveau-renault-rafale-prend-son-envol\\\/\"},\"wordCount\":7,\"commentCount\":0,\"publisher\":{\"@id\":\"https:\\\/\\\/www.autojm.fr\\\/blog\\\/#organization\"},\"image\":{\"@id\":\"https:\\\/\\\/www.autojm.fr\\\/blog\\\/le-nouveau-renault-rafale-prend-son-envol\\\/#primaryimage\"},\"thumbnailUrl\":\"https:\\\/\\\/www.autojm.fr\\\/blog\\\/wp-content\\\/uploads\\\/2023\\\/06\\\/Renault-Rafale-1.jpg\",\"keywords\":[\"arkana\",\"Austral\",\"autojm\",\"captur\",\"Clio 5\",\"renault\"],\"articleSection\":[\"Nouveaut\u00e9 Renault\"],\"inLanguage\":\"fr-FR\",\"potentialAction\":[{\"@type\":\"CommentAction\",\"name\":\"Comment\",\"target\":[\"https:\\\/\\\/www.autojm.fr\\\/blog\\\/le-nouveau-renault-rafale-prend-son-envol\\\/#respond\"]}]},{\"@type\":\"WebPage\",\"@id\":\"https:\\\/\\\/www.autojm.fr\\\/blog\\\/le-nouveau-renault-rafale-prend-son-envol\\\/\",\"url\":\"https:\\\/\\\/www.autojm.fr\\\/blog\\\/le-nouveau-renault-rafale-prend-son-envol\\\/\",\"name\":\"Le nouveau Renault Rafale prend son envol\u00a0\u00a0 - AutoJM Mag\",\"isPartOf\":{\"@id\":\"https:\\\/\\\/www.autojm.fr\\\/blog\\\/#website\"},\"primaryImageOfPage\":{\"@id\":\"https:\\\/\\\/www.autojm.fr\\\/blog\\\/le-nouveau-renault-rafale-prend-son-envol\\\/#primaryimage\"},\"image\":{\"@id\":\"https:\\\/\\\/www.autojm.fr\\\/blog\\\/le-nouveau-renault-rafale-prend-son-envol\\\/#primaryimage\"},\"thumbnailUrl\":\"https:\\\/\\\/www.autojm.fr\\\/blog\\\/wp-content\\\/uploads\\\/2023\\\/06\\\/Renault-Rafale-1.jpg\",\"datePublished\":\"2023-06-23T12:36:25+00:00\",\"dateModified\":\"2023-06-26T12:20:16+00:00\",\"description\":\"Pr\u00e9sent\u00e9 au Salon du Bourget aux c\u00f4t\u00e9s du c\u00e9l\u00e8bre avion de chasse qui lui a donn\u00e9 son nom, le nouveau Renault Rafale s\u2019appr\u00eate \u00e0 int\u00e9grer...\",\"breadcrumb\":{\"@id\":\"https:\\\/\\\/www.autojm.fr\\\/blog\\\/le-nouveau-renault-rafale-prend-son-envol\\\/#breadcrumb\"},\"inLanguage\":\"fr-FR\",\"potentialAction\":[{\"@type\":\"ReadAction\",\"target\":[\"https:\\\/\\\/www.autojm.fr\\\/blog\\\/le-nouveau-renault-rafale-prend-son-envol\\\/\"]}]},{\"@type\":\"ImageObject\",\"inLanguage\":\"fr-FR\",\"@id\":\"https:\\\/\\\/www.autojm.fr\\\/blog\\\/le-nouveau-renault-rafale-prend-son-envol\\\/#primaryimage\",\"url\":\"https:\\\/\\\/www.autojm.fr\\\/blog\\\/wp-content\\\/uploads\\\/2023\\\/06\\\/Renault-Rafale-1.jpg\",\"contentUrl\":\"https:\\\/\\\/www.autojm.fr\\\/blog\\\/wp-content\\\/uploads\\\/2023\\\/06\\\/Renault-Rafale-1.jpg\",\"width\":1000,\"height\":500,\"caption\":\"Renault Rafale\"},{\"@type\":\"BreadcrumbList\",\"@id\":\"https:\\\/\\\/www.autojm.fr\\\/blog\\\/le-nouveau-renault-rafale-prend-son-envol\\\/#breadcrumb\",\"itemListElement\":[{\"@type\":\"ListItem\",\"position\":1,\"name\":\"Accueil\",\"item\":\"https:\\\/\\\/www.autojm.fr\\\/blog\\\/\"},{\"@type\":\"ListItem\",\"position\":2,\"name\":\"Nouveaut\u00e9s Autos\",\"item\":\"https:\\\/\\\/www.autojm.fr\\\/blog\\\/nouveautes-autos\\\/\"},{\"@type\":\"ListItem\",\"position\":3,\"name\":\"Nouveaut\u00e9 Renault\",\"item\":\"https:\\\/\\\/www.autojm.fr\\\/blog\\\/nouveautes-autos\\\/nouveaute-renault\\\/\"},{\"@type\":\"ListItem\",\"position\":4,\"name\":\"Le nouveau Renault Rafale prend son envol\u00a0\u00a0\"}]},{\"@type\":\"WebSite\",\"@id\":\"https:\\\/\\\/www.autojm.fr\\\/blog\\\/#website\",\"url\":\"https:\\\/\\\/www.autojm.fr\\\/blog\\\/\",\"name\":\"AutoJM Mag\",\"description\":\"Toute l&#039;actu auto en 1 clic !\",\"publisher\":{\"@id\":\"https:\\\/\\\/www.autojm.fr\\\/blog\\\/#organization\"},\"potentialAction\":[{\"@type\":\"SearchAction\",\"target\":{\"@type\":\"EntryPoint\",\"urlTemplate\":\"https:\\\/\\\/www.autojm.fr\\\/blog\\\/?s={search_term_string}\"},\"query-input\":{\"@type\":\"PropertyValueSpecification\",\"valueRequired\":true,\"valueName\":\"search_term_string\"}}],\"inLanguage\":\"fr-FR\"},{\"@type\":\"Organization\",\"@id\":\"https:\\\/\\\/www.autojm.fr\\\/blog\\\/#organization\",\"name\":\"AutoJM Mag\",\"url\":\"https:\\\/\\\/www.autojm.fr\\\/blog\\\/\",\"logo\":{\"@type\":\"ImageObject\",\"inLanguage\":\"fr-FR\",\"@id\":\"https:\\\/\\\/www.autojm.fr\\\/blog\\\/#\\\/schema\\\/logo\\\/image\\\/\",\"url\":\"https:\\\/\\\/www.autojm.fr\\\/blog\\\/wp-content\\\/uploads\\\/2022\\\/12\\\/cropped-AutoJMag-png.png\",\"contentUrl\":\"https:\\\/\\\/www.autojm.fr\\\/blog\\\/wp-content\\\/uploads\\\/2022\\\/12\\\/cropped-AutoJMag-png.png\",\"width\":2834,\"height\":585,\"caption\":\"AutoJM Mag\"},\"image\":{\"@id\":\"https:\\\/\\\/www.autojm.fr\\\/blog\\\/#\\\/schema\\\/logo\\\/image\\\/\"},\"sameAs\":[\"https:\\\/\\\/www.facebook.com\\\/AutoJM25\"]},{\"@type\":\"Person\",\"@id\":\"https:\\\/\\\/www.autojm.fr\\\/blog\\\/#\\\/schema\\\/person\\\/1cc83a91548d88a62eb8cf06f562a72c\",\"name\":\"Justine Tripard\",\"image\":{\"@type\":\"ImageObject\",\"inLanguage\":\"fr-FR\",\"@id\":\"https:\\\/\\\/secure.gravatar.com\\\/avatar\\\/b8b45209a4cf0b7b127b9238ec348090e7302306d2485eeaab17b6761fe84991?s=96&d=mm&r=g\",\"url\":\"https:\\\/\\\/secure.gravatar.com\\\/avatar\\\/b8b45209a4cf0b7b127b9238ec348090e7302306d2485eeaab17b6761fe84991?s=96&d=mm&r=g\",\"contentUrl\":\"https:\\\/\\\/secure.gravatar.com\\\/avatar\\\/b8b45209a4cf0b7b127b9238ec348090e7302306d2485eeaab17b6761fe84991?s=96&d=mm&r=g\",\"caption\":\"Justine Tripard\"},\"url\":\"https:\\\/\\\/www.autojm.fr\\\/blog\\\/author\\\/justine\\\/\"}]}<\/script>\n<!-- \/ Yoast SEO plugin. -->","yoast_head_json":{"title":"Le nouveau Renault Rafale prend son envol\u00a0\u00a0 - AutoJM Mag","description":"Pr\u00e9sent\u00e9 au Salon du Bourget aux c\u00f4t\u00e9s du c\u00e9l\u00e8bre avion de chasse qui lui a donn\u00e9 son nom, le nouveau Renault Rafale s\u2019appr\u00eate \u00e0 int\u00e9grer...","robots":{"index":"index","follow":"follow","max-snippet":"max-snippet:-1","max-image-preview":"max-image-preview:large","max-video-preview":"max-video-preview:-1"},"canonical":"https:\/\/www.autojm.fr\/blog\/le-nouveau-renault-rafale-prend-son-envol\/","og_locale":"fr_FR","og_type":"article","og_title":"Le nouveau Renault Rafale prend son envol\u00a0\u00a0 - AutoJM Mag","og_description":"Pr\u00e9sent\u00e9 au Salon du Bourget aux c\u00f4t\u00e9s du c\u00e9l\u00e8bre avion de chasse qui lui a donn\u00e9 son nom, le nouveau Renault Rafale s\u2019appr\u00eate \u00e0 int\u00e9grer...","og_url":"https:\/\/www.autojm.fr\/blog\/le-nouveau-renault-rafale-prend-son-envol\/","og_site_name":"AutoJM Mag","article_publisher":"https:\/\/www.facebook.com\/AutoJM25","article_published_time":"2023-06-23T12:36:25+00:00","article_modified_time":"2023-06-26T12:20:16+00:00","og_image":[{"width":1000,"height":500,"url":"https:\/\/www.autojm.fr\/blog\/wp-content\/uploads\/2023\/06\/Renault-Rafale-1.jpg","type":"image\/jpeg"}],"author":"Justine Tripard","twitter_card":"summary_large_image","twitter_misc":{"\u00c9crit par":"Justine Tripard"},"schema":{"@context":"https:\/\/schema.org","@graph":[{"@type":"Article","@id":"https:\/\/www.autojm.fr\/blog\/le-nouveau-renault-rafale-prend-son-envol\/#article","isPartOf":{"@id":"https:\/\/www.autojm.fr\/blog\/le-nouveau-renault-rafale-prend-son-envol\/"},"author":{"name":"Justine Tripard","@id":"https:\/\/www.autojm.fr\/blog\/#\/schema\/person\/1cc83a91548d88a62eb8cf06f562a72c"},"headline":"Le nouveau Renault Rafale prend son envol\u00a0\u00a0","datePublished":"2023-06-23T12:36:25+00:00","dateModified":"2023-06-26T12:20:16+00:00","mainEntityOfPage":{"@id":"https:\/\/www.autojm.fr\/blog\/le-nouveau-renault-rafale-prend-son-envol\/"},"wordCount":7,"commentCount":0,"publisher":{"@id":"https:\/\/www.autojm.fr\/blog\/#organization"},"image":{"@id":"https:\/\/www.autojm.fr\/blog\/le-nouveau-renault-rafale-prend-son-envol\/#primaryimage"},"thumbnailUrl":"https:\/\/www.autojm.fr\/blog\/wp-content\/uploads\/2023\/06\/Renault-Rafale-1.jpg","keywords":["arkana","Austral","autojm","captur","Clio 5","renault"],"articleSection":["Nouveaut\u00e9 Renault"],"inLanguage":"fr-FR","potentialAction":[{"@type":"CommentAction","name":"Comment","target":["https:\/\/www.autojm.fr\/blog\/le-nouveau-renault-rafale-prend-son-envol\/#respond"]}]},{"@type":"WebPage","@id":"https:\/\/www.autojm.fr\/blog\/le-nouveau-renault-rafale-prend-son-envol\/","url":"https:\/\/www.autojm.fr\/blog\/le-nouveau-renault-rafale-prend-son-envol\/","name":"Le nouveau Renault Rafale prend son envol\u00a0\u00a0 - AutoJM Mag","isPartOf":{"@id":"https:\/\/www.autojm.fr\/blog\/#website"},"primaryImageOfPage":{"@id":"https:\/\/www.autojm.fr\/blog\/le-nouveau-renault-rafale-prend-son-envol\/#primaryimage"},"image":{"@id":"https:\/\/www.autojm.fr\/blog\/le-nouveau-renault-rafale-prend-son-envol\/#primaryimage"},"thumbnailUrl":"https:\/\/www.autojm.fr\/blog\/wp-content\/uploads\/2023\/06\/Renault-Rafale-1.jpg","datePublished":"2023-06-23T12:36:25+00:00","dateModified":"2023-06-26T12:20:16+00:00","description":"Pr\u00e9sent\u00e9 au Salon du Bourget aux c\u00f4t\u00e9s du c\u00e9l\u00e8bre avion de chasse qui lui a donn\u00e9 son nom, le nouveau Renault Rafale s\u2019appr\u00eate \u00e0 int\u00e9grer...","breadcrumb":{"@id":"https:\/\/www.autojm.fr\/blog\/le-nouveau-renault-rafale-prend-son-envol\/#breadcrumb"},"inLanguage":"fr-FR","potentialAction":[{"@type":"ReadAction","target":["https:\/\/www.autojm.fr\/blog\/le-nouveau-renault-rafale-prend-son-envol\/"]}]},{"@type":"ImageObject","inLanguage":"fr-FR","@id":"https:\/\/www.autojm.fr\/blog\/le-nouveau-renault-rafale-prend-son-envol\/#primaryimage","url":"https:\/\/www.autojm.fr\/blog\/wp-content\/uploads\/2023\/06\/Renault-Rafale-1.jpg","contentUrl":"https:\/\/www.autojm.fr\/blog\/wp-content\/uploads\/2023\/06\/Renault-Rafale-1.jpg","width":1000,"height":500,"caption":"Renault Rafale"},{"@type":"BreadcrumbList","@id":"https:\/\/www.autojm.fr\/blog\/le-nouveau-renault-rafale-prend-son-envol\/#breadcrumb","itemListElement":[{"@type":"ListItem","position":1,"name":"Accueil","item":"https:\/\/www.autojm.fr\/blog\/"},{"@type":"ListItem","position":2,"name":"Nouveaut\u00e9s Autos","item":"https:\/\/www.autojm.fr\/blog\/nouveautes-autos\/"},{"@type":"ListItem","position":3,"name":"Nouveaut\u00e9 Renault","item":"https:\/\/www.autojm.fr\/blog\/nouveautes-autos\/nouveaute-renault\/"},{"@type":"ListItem","position":4,"name":"Le nouveau Renault Rafale prend son envol\u00a0\u00a0"}]},{"@type":"WebSite","@id":"https:\/\/www.autojm.fr\/blog\/#website","url":"https:\/\/www.autojm.fr\/blog\/","name":"AutoJM Mag","description":"Toute l&#039;actu auto en 1 clic !","publisher":{"@id":"https:\/\/www.autojm.fr\/blog\/#organization"},"potentialAction":[{"@type":"SearchAction","target":{"@type":"EntryPoint","urlTemplate":"https:\/\/www.autojm.fr\/blog\/?s={search_term_string}"},"query-input":{"@type":"PropertyValueSpecification","valueRequired":true,"valueName":"search_term_string"}}],"inLanguage":"fr-FR"},{"@type":"Organization","@id":"https:\/\/www.autojm.fr\/blog\/#organization","name":"AutoJM Mag","url":"https:\/\/www.autojm.fr\/blog\/","logo":{"@type":"ImageObject","inLanguage":"fr-FR","@id":"https:\/\/www.autojm.fr\/blog\/#\/schema\/logo\/image\/","url":"https:\/\/www.autojm.fr\/blog\/wp-content\/uploads\/2022\/12\/cropped-AutoJMag-png.png","contentUrl":"https:\/\/www.autojm.fr\/blog\/wp-content\/uploads\/2022\/12\/cropped-AutoJMag-png.png","width":2834,"height":585,"caption":"AutoJM Mag"},"image":{"@id":"https:\/\/www.autojm.fr\/blog\/#\/schema\/logo\/image\/"},"sameAs":["https:\/\/www.facebook.com\/AutoJM25"]},{"@type":"Person","@id":"https:\/\/www.autojm.fr\/blog\/#\/schema\/person\/1cc83a91548d88a62eb8cf06f562a72c","name":"Justine Tripard","image":{"@type":"ImageObject","inLanguage":"fr-FR","@id":"https:\/\/secure.gravatar.com\/avatar\/b8b45209a4cf0b7b127b9238ec348090e7302306d2485eeaab17b6761fe84991?s=96&d=mm&r=g","url":"https:\/\/secure.gravatar.com\/avatar\/b8b45209a4cf0b7b127b9238ec348090e7302306d2485eeaab17b6761fe84991?s=96&d=mm&r=g","contentUrl":"https:\/\/secure.gravatar.com\/avatar\/b8b45209a4cf0b7b127b9238ec348090e7302306d2485eeaab17b6761fe84991?s=96&d=mm&r=g","caption":"Justine Tripard"},"url":"https:\/\/www.autojm.fr\/blog\/author\/justine\/"}]}},"_links":{"self":[{"href":"https:\/\/www.autojm.fr\/blog\/wp-json\/wp\/v2\/posts\/10347","targetHints":{"allow":["GET"]}}],"collection":[{"href":"https:\/\/www.autojm.fr\/blog\/wp-json\/wp\/v2\/posts"}],"about":[{"href":"https:\/\/www.autojm.fr\/blog\/wp-json\/wp\/v2\/types\/post"}],"author":[{"embeddable":true,"href":"https:\/\/www.autojm.fr\/blog\/wp-json\/wp\/v2\/users\/6"}],"replies":[{"embeddable":true,"href":"https:\/\/www.autojm.fr\/blog\/wp-json\/wp\/v2\/comments?post=10347"}],"version-history":[{"count":4,"href":"https:\/\/www.autojm.fr\/blog\/wp-json\/wp\/v2\/posts\/10347\/revisions"}],"predecessor-version":[{"id":10359,"href":"https:\/\/www.autojm.fr\/blog\/wp-json\/wp\/v2\/posts\/10347\/revisions\/10359"}],"wp:featuredmedia":[{"embeddable":true,"href":"https:\/\/www.autojm.fr\/blog\/wp-json\/wp\/v2\/media\/10349"}],"wp:attachment":[{"href":"https:\/\/www.autojm.fr\/blog\/wp-json\/wp\/v2\/media?parent=10347"}],"wp:term":[{"taxonomy":"category","embeddable":true,"href":"https:\/\/www.autojm.fr\/blog\/wp-json\/wp\/v2\/categories?post=10347"},{"taxonomy":"post_tag","embeddable":true,"href":"https:\/\/www.autojm.fr\/blog\/wp-json\/wp\/v2\/tags?post=10347"}],"curies":[{"name":"wp","href":"https:\/\/api.w.org\/{rel}","templated":true}]}}