{"id":10100,"date":"2023-05-30T11:33:14","date_gmt":"2023-05-30T11:33:14","guid":{"rendered":"https:\/\/www.autojm.fr\/blog\/?p=10100"},"modified":"2023-06-15T07:38:58","modified_gmt":"2023-06-15T07:38:58","slug":"quelle-version-choisir-parmi-la-gamme-peugeot-508","status":"publish","type":"post","link":"https:\/\/www.autojm.fr\/blog\/quelle-version-choisir-parmi-la-gamme-peugeot-508\/","title":{"rendered":"Quelle version choisir parmi la gamme Peugeot 508 ? \u00a0"},"content":{"rendered":"","protected":false},"excerpt":{"rendered":"<p>Commercialis\u00e9e depuis 2018 sur le march\u00e9 de l\u2019auto, la Peugeot 508 de deuxi\u00e8me g\u00e9n\u00e9ration est un v\u00e9hicule haut de gamme \u00e0 la silhouette longiligne. Avec son allure sportive qui s\u2019inspire du coup\u00e9 4 portes, la berline familiale fait preuve d\u2019\u00e9l\u00e9gance gr\u00e2ce \u00e0 ses proportions \u00e9quilibr\u00e9es. Restyl\u00e9 d\u00e9but 2023, le mod\u00e8le de la marque au Lion r\u00e9v\u00e8le un look plus ambitieux et un design muscl\u00e9. D\u00e9couvrez les caract\u00e9ristiques de la Peugeot 508 \u00e0 travers ce guide d\u2019achat. <\/p>\n","protected":false},"author":6,"featured_media":10102,"comment_status":"open","ping_status":"open","sticky":false,"template":"","format":"standard","meta":{"_acf_changed":false,"content-type":"","footnotes":""},"categories":[75],"tags":[88,336,333,314,90,73,167,137,160,136,138,119,122,139,121,123],"class_list":["post-10100","post","type-post","status-publish","format-standard","has-post-thumbnail","hentry","category-guide-dachat","tag-88","tag-336","tag-333","tag-314","tag-autojm","tag-peugeot","tag-peugeot-2008","tag-peugeot-308-sw","tag-peugeot-5008","tag-peugeot-508","tag-peugeot-508-sw","tag-peugeot-boxer-fg-tole","tag-peugeot-boxer-fourgon-tole","tag-peugeot-e-rifter","tag-peugeot-expert-fourgon-tole","tag-peugeot-partner-fourgon-tole"],"acf":[],"yoast_head":"<!-- This site is optimized with the Yoast SEO plugin v27.5 - https:\/\/yoast.com\/product\/yoast-seo-wordpress\/ -->\n<title>Quelle version choisir parmi la gamme Peugeot 508 ? \u00a0<\/title>\n<meta name=\"description\" content=\"Commercialis\u00e9e depuis 2018 sur le march\u00e9 de l\u2019auto, la Peugeot 508 de deuxi\u00e8me g\u00e9n\u00e9ration est un v\u00e9hicule haut de gamme \u00e0 la silhouette...\" \/>\n<meta name=\"robots\" content=\"index, follow, max-snippet:-1, max-image-preview:large, max-video-preview:-1\" \/>\n<link rel=\"canonical\" href=\"https:\/\/www.autojm.fr\/blog\/quelle-version-choisir-parmi-la-gamme-peugeot-508\/\" \/>\n<meta property=\"og:locale\" content=\"fr_FR\" \/>\n<meta property=\"og:type\" content=\"article\" \/>\n<meta property=\"og:title\" content=\"Quelle version choisir parmi la gamme Peugeot 508 ? \u00a0\" \/>\n<meta property=\"og:description\" content=\"Commercialis\u00e9e depuis 2018 sur le march\u00e9 de l\u2019auto, la Peugeot 508 de deuxi\u00e8me g\u00e9n\u00e9ration est un v\u00e9hicule haut de gamme \u00e0 la silhouette...\" \/>\n<meta property=\"og:url\" content=\"https:\/\/www.autojm.fr\/blog\/quelle-version-choisir-parmi-la-gamme-peugeot-508\/\" \/>\n<meta property=\"og:site_name\" content=\"AutoJM Mag\" \/>\n<meta property=\"article:publisher\" content=\"https:\/\/www.facebook.com\/AutoJM25\" \/>\n<meta property=\"article:published_time\" content=\"2023-05-30T11:33:14+00:00\" \/>\n<meta property=\"article:modified_time\" content=\"2023-06-15T07:38:58+00:00\" \/>\n<meta property=\"og:image\" content=\"https:\/\/www.autojm.fr\/blog\/wp-content\/uploads\/2023\/05\/508-1.jpg\" \/>\n\t<meta property=\"og:image:width\" content=\"1000\" \/>\n\t<meta property=\"og:image:height\" content=\"500\" \/>\n\t<meta property=\"og:image:type\" content=\"image\/jpeg\" \/>\n<meta name=\"author\" content=\"Justine Tripard\" \/>\n<meta name=\"twitter:card\" content=\"summary_large_image\" \/>\n<meta name=\"twitter:label1\" content=\"\u00c9crit par\" \/>\n\t<meta name=\"twitter:data1\" content=\"Justine Tripard\" \/>\n<script type=\"application\/ld+json\" class=\"yoast-schema-graph\">{\"@context\":\"https:\\\/\\\/schema.org\",\"@graph\":[{\"@type\":\"Article\",\"@id\":\"https:\\\/\\\/www.autojm.fr\\\/blog\\\/quelle-version-choisir-parmi-la-gamme-peugeot-508\\\/#article\",\"isPartOf\":{\"@id\":\"https:\\\/\\\/www.autojm.fr\\\/blog\\\/quelle-version-choisir-parmi-la-gamme-peugeot-508\\\/\"},\"author\":{\"name\":\"Justine Tripard\",\"@id\":\"https:\\\/\\\/www.autojm.fr\\\/blog\\\/#\\\/schema\\\/person\\\/1cc83a91548d88a62eb8cf06f562a72c\"},\"headline\":\"Quelle version choisir parmi la gamme Peugeot 508 ? \u00a0\",\"datePublished\":\"2023-05-30T11:33:14+00:00\",\"dateModified\":\"2023-06-15T07:38:58+00:00\",\"mainEntityOfPage\":{\"@id\":\"https:\\\/\\\/www.autojm.fr\\\/blog\\\/quelle-version-choisir-parmi-la-gamme-peugeot-508\\\/\"},\"wordCount\":7,\"commentCount\":0,\"publisher\":{\"@id\":\"https:\\\/\\\/www.autojm.fr\\\/blog\\\/#organization\"},\"image\":{\"@id\":\"https:\\\/\\\/www.autojm.fr\\\/blog\\\/quelle-version-choisir-parmi-la-gamme-peugeot-508\\\/#primaryimage\"},\"thumbnailUrl\":\"https:\\\/\\\/www.autojm.fr\\\/blog\\\/wp-content\\\/uploads\\\/2023\\\/05\\\/508-1.jpg\",\"keywords\":[\"208\",\"3008\",\"308\",\"408\",\"autojm\",\"peugeot\",\"Peugeot 2008\",\"Peugeot 308 SW\",\"Peugeot 5008\",\"Peugeot 508\",\"Peugeot 508 SW\",\"Peugeot Boxer FG Tole\",\"Peugeot Boxer Fourgon Tole\",\"Peugeot E-Rifter\",\"Peugeot Expert Fourgon Tole\",\"Peugeot Partner Fourgon Tole\"],\"articleSection\":[\"Guides d'achat\"],\"inLanguage\":\"fr-FR\",\"potentialAction\":[{\"@type\":\"CommentAction\",\"name\":\"Comment\",\"target\":[\"https:\\\/\\\/www.autojm.fr\\\/blog\\\/quelle-version-choisir-parmi-la-gamme-peugeot-508\\\/#respond\"]}]},{\"@type\":\"WebPage\",\"@id\":\"https:\\\/\\\/www.autojm.fr\\\/blog\\\/quelle-version-choisir-parmi-la-gamme-peugeot-508\\\/\",\"url\":\"https:\\\/\\\/www.autojm.fr\\\/blog\\\/quelle-version-choisir-parmi-la-gamme-peugeot-508\\\/\",\"name\":\"Quelle version choisir parmi la gamme Peugeot 508 ? \u00a0\",\"isPartOf\":{\"@id\":\"https:\\\/\\\/www.autojm.fr\\\/blog\\\/#website\"},\"primaryImageOfPage\":{\"@id\":\"https:\\\/\\\/www.autojm.fr\\\/blog\\\/quelle-version-choisir-parmi-la-gamme-peugeot-508\\\/#primaryimage\"},\"image\":{\"@id\":\"https:\\\/\\\/www.autojm.fr\\\/blog\\\/quelle-version-choisir-parmi-la-gamme-peugeot-508\\\/#primaryimage\"},\"thumbnailUrl\":\"https:\\\/\\\/www.autojm.fr\\\/blog\\\/wp-content\\\/uploads\\\/2023\\\/05\\\/508-1.jpg\",\"datePublished\":\"2023-05-30T11:33:14+00:00\",\"dateModified\":\"2023-06-15T07:38:58+00:00\",\"description\":\"Commercialis\u00e9e depuis 2018 sur le march\u00e9 de l\u2019auto, la Peugeot 508 de deuxi\u00e8me g\u00e9n\u00e9ration est un v\u00e9hicule haut de gamme \u00e0 la silhouette...\",\"breadcrumb\":{\"@id\":\"https:\\\/\\\/www.autojm.fr\\\/blog\\\/quelle-version-choisir-parmi-la-gamme-peugeot-508\\\/#breadcrumb\"},\"inLanguage\":\"fr-FR\",\"potentialAction\":[{\"@type\":\"ReadAction\",\"target\":[\"https:\\\/\\\/www.autojm.fr\\\/blog\\\/quelle-version-choisir-parmi-la-gamme-peugeot-508\\\/\"]}]},{\"@type\":\"ImageObject\",\"inLanguage\":\"fr-FR\",\"@id\":\"https:\\\/\\\/www.autojm.fr\\\/blog\\\/quelle-version-choisir-parmi-la-gamme-peugeot-508\\\/#primaryimage\",\"url\":\"https:\\\/\\\/www.autojm.fr\\\/blog\\\/wp-content\\\/uploads\\\/2023\\\/05\\\/508-1.jpg\",\"contentUrl\":\"https:\\\/\\\/www.autojm.fr\\\/blog\\\/wp-content\\\/uploads\\\/2023\\\/05\\\/508-1.jpg\",\"width\":1000,\"height\":500,\"caption\":\"Peugeot 508\"},{\"@type\":\"BreadcrumbList\",\"@id\":\"https:\\\/\\\/www.autojm.fr\\\/blog\\\/quelle-version-choisir-parmi-la-gamme-peugeot-508\\\/#breadcrumb\",\"itemListElement\":[{\"@type\":\"ListItem\",\"position\":1,\"name\":\"Accueil\",\"item\":\"https:\\\/\\\/www.autojm.fr\\\/blog\\\/\"},{\"@type\":\"ListItem\",\"position\":2,\"name\":\"Guides d'achat\",\"item\":\"https:\\\/\\\/www.autojm.fr\\\/blog\\\/guide-dachat\\\/\"},{\"@type\":\"ListItem\",\"position\":3,\"name\":\"Quelle version choisir parmi la gamme Peugeot 508 ? \u00a0\"}]},{\"@type\":\"WebSite\",\"@id\":\"https:\\\/\\\/www.autojm.fr\\\/blog\\\/#website\",\"url\":\"https:\\\/\\\/www.autojm.fr\\\/blog\\\/\",\"name\":\"AutoJM Mag\",\"description\":\"Toute l&#039;actu auto en 1 clic !\",\"publisher\":{\"@id\":\"https:\\\/\\\/www.autojm.fr\\\/blog\\\/#organization\"},\"potentialAction\":[{\"@type\":\"SearchAction\",\"target\":{\"@type\":\"EntryPoint\",\"urlTemplate\":\"https:\\\/\\\/www.autojm.fr\\\/blog\\\/?s={search_term_string}\"},\"query-input\":{\"@type\":\"PropertyValueSpecification\",\"valueRequired\":true,\"valueName\":\"search_term_string\"}}],\"inLanguage\":\"fr-FR\"},{\"@type\":\"Organization\",\"@id\":\"https:\\\/\\\/www.autojm.fr\\\/blog\\\/#organization\",\"name\":\"AutoJM Mag\",\"url\":\"https:\\\/\\\/www.autojm.fr\\\/blog\\\/\",\"logo\":{\"@type\":\"ImageObject\",\"inLanguage\":\"fr-FR\",\"@id\":\"https:\\\/\\\/www.autojm.fr\\\/blog\\\/#\\\/schema\\\/logo\\\/image\\\/\",\"url\":\"https:\\\/\\\/www.autojm.fr\\\/blog\\\/wp-content\\\/uploads\\\/2022\\\/12\\\/cropped-AutoJMag-png.png\",\"contentUrl\":\"https:\\\/\\\/www.autojm.fr\\\/blog\\\/wp-content\\\/uploads\\\/2022\\\/12\\\/cropped-AutoJMag-png.png\",\"width\":2834,\"height\":585,\"caption\":\"AutoJM Mag\"},\"image\":{\"@id\":\"https:\\\/\\\/www.autojm.fr\\\/blog\\\/#\\\/schema\\\/logo\\\/image\\\/\"},\"sameAs\":[\"https:\\\/\\\/www.facebook.com\\\/AutoJM25\"]},{\"@type\":\"Person\",\"@id\":\"https:\\\/\\\/www.autojm.fr\\\/blog\\\/#\\\/schema\\\/person\\\/1cc83a91548d88a62eb8cf06f562a72c\",\"name\":\"Justine Tripard\",\"image\":{\"@type\":\"ImageObject\",\"inLanguage\":\"fr-FR\",\"@id\":\"https:\\\/\\\/secure.gravatar.com\\\/avatar\\\/b8b45209a4cf0b7b127b9238ec348090e7302306d2485eeaab17b6761fe84991?s=96&d=mm&r=g\",\"url\":\"https:\\\/\\\/secure.gravatar.com\\\/avatar\\\/b8b45209a4cf0b7b127b9238ec348090e7302306d2485eeaab17b6761fe84991?s=96&d=mm&r=g\",\"contentUrl\":\"https:\\\/\\\/secure.gravatar.com\\\/avatar\\\/b8b45209a4cf0b7b127b9238ec348090e7302306d2485eeaab17b6761fe84991?s=96&d=mm&r=g\",\"caption\":\"Justine Tripard\"},\"url\":\"https:\\\/\\\/www.autojm.fr\\\/blog\\\/author\\\/justine\\\/\"}]}<\/script>\n<!-- \/ Yoast SEO plugin. -->","yoast_head_json":{"title":"Quelle version choisir parmi la gamme Peugeot 508 ? \u00a0","description":"Commercialis\u00e9e depuis 2018 sur le march\u00e9 de l\u2019auto, la Peugeot 508 de deuxi\u00e8me g\u00e9n\u00e9ration est un v\u00e9hicule haut de gamme \u00e0 la silhouette...","robots":{"index":"index","follow":"follow","max-snippet":"max-snippet:-1","max-image-preview":"max-image-preview:large","max-video-preview":"max-video-preview:-1"},"canonical":"https:\/\/www.autojm.fr\/blog\/quelle-version-choisir-parmi-la-gamme-peugeot-508\/","og_locale":"fr_FR","og_type":"article","og_title":"Quelle version choisir parmi la gamme Peugeot 508 ? \u00a0","og_description":"Commercialis\u00e9e depuis 2018 sur le march\u00e9 de l\u2019auto, la Peugeot 508 de deuxi\u00e8me g\u00e9n\u00e9ration est un v\u00e9hicule haut de gamme \u00e0 la silhouette...","og_url":"https:\/\/www.autojm.fr\/blog\/quelle-version-choisir-parmi-la-gamme-peugeot-508\/","og_site_name":"AutoJM Mag","article_publisher":"https:\/\/www.facebook.com\/AutoJM25","article_published_time":"2023-05-30T11:33:14+00:00","article_modified_time":"2023-06-15T07:38:58+00:00","og_image":[{"width":1000,"height":500,"url":"https:\/\/www.autojm.fr\/blog\/wp-content\/uploads\/2023\/05\/508-1.jpg","type":"image\/jpeg"}],"author":"Justine Tripard","twitter_card":"summary_large_image","twitter_misc":{"\u00c9crit par":"Justine Tripard"},"schema":{"@context":"https:\/\/schema.org","@graph":[{"@type":"Article","@id":"https:\/\/www.autojm.fr\/blog\/quelle-version-choisir-parmi-la-gamme-peugeot-508\/#article","isPartOf":{"@id":"https:\/\/www.autojm.fr\/blog\/quelle-version-choisir-parmi-la-gamme-peugeot-508\/"},"author":{"name":"Justine Tripard","@id":"https:\/\/www.autojm.fr\/blog\/#\/schema\/person\/1cc83a91548d88a62eb8cf06f562a72c"},"headline":"Quelle version choisir parmi la gamme Peugeot 508 ? \u00a0","datePublished":"2023-05-30T11:33:14+00:00","dateModified":"2023-06-15T07:38:58+00:00","mainEntityOfPage":{"@id":"https:\/\/www.autojm.fr\/blog\/quelle-version-choisir-parmi-la-gamme-peugeot-508\/"},"wordCount":7,"commentCount":0,"publisher":{"@id":"https:\/\/www.autojm.fr\/blog\/#organization"},"image":{"@id":"https:\/\/www.autojm.fr\/blog\/quelle-version-choisir-parmi-la-gamme-peugeot-508\/#primaryimage"},"thumbnailUrl":"https:\/\/www.autojm.fr\/blog\/wp-content\/uploads\/2023\/05\/508-1.jpg","keywords":["208","3008","308","408","autojm","peugeot","Peugeot 2008","Peugeot 308 SW","Peugeot 5008","Peugeot 508","Peugeot 508 SW","Peugeot Boxer FG Tole","Peugeot Boxer Fourgon Tole","Peugeot E-Rifter","Peugeot Expert Fourgon Tole","Peugeot Partner Fourgon Tole"],"articleSection":["Guides d'achat"],"inLanguage":"fr-FR","potentialAction":[{"@type":"CommentAction","name":"Comment","target":["https:\/\/www.autojm.fr\/blog\/quelle-version-choisir-parmi-la-gamme-peugeot-508\/#respond"]}]},{"@type":"WebPage","@id":"https:\/\/www.autojm.fr\/blog\/quelle-version-choisir-parmi-la-gamme-peugeot-508\/","url":"https:\/\/www.autojm.fr\/blog\/quelle-version-choisir-parmi-la-gamme-peugeot-508\/","name":"Quelle version choisir parmi la gamme Peugeot 508 ? \u00a0","isPartOf":{"@id":"https:\/\/www.autojm.fr\/blog\/#website"},"primaryImageOfPage":{"@id":"https:\/\/www.autojm.fr\/blog\/quelle-version-choisir-parmi-la-gamme-peugeot-508\/#primaryimage"},"image":{"@id":"https:\/\/www.autojm.fr\/blog\/quelle-version-choisir-parmi-la-gamme-peugeot-508\/#primaryimage"},"thumbnailUrl":"https:\/\/www.autojm.fr\/blog\/wp-content\/uploads\/2023\/05\/508-1.jpg","datePublished":"2023-05-30T11:33:14+00:00","dateModified":"2023-06-15T07:38:58+00:00","description":"Commercialis\u00e9e depuis 2018 sur le march\u00e9 de l\u2019auto, la Peugeot 508 de deuxi\u00e8me g\u00e9n\u00e9ration est un v\u00e9hicule haut de gamme \u00e0 la silhouette...","breadcrumb":{"@id":"https:\/\/www.autojm.fr\/blog\/quelle-version-choisir-parmi-la-gamme-peugeot-508\/#breadcrumb"},"inLanguage":"fr-FR","potentialAction":[{"@type":"ReadAction","target":["https:\/\/www.autojm.fr\/blog\/quelle-version-choisir-parmi-la-gamme-peugeot-508\/"]}]},{"@type":"ImageObject","inLanguage":"fr-FR","@id":"https:\/\/www.autojm.fr\/blog\/quelle-version-choisir-parmi-la-gamme-peugeot-508\/#primaryimage","url":"https:\/\/www.autojm.fr\/blog\/wp-content\/uploads\/2023\/05\/508-1.jpg","contentUrl":"https:\/\/www.autojm.fr\/blog\/wp-content\/uploads\/2023\/05\/508-1.jpg","width":1000,"height":500,"caption":"Peugeot 508"},{"@type":"BreadcrumbList","@id":"https:\/\/www.autojm.fr\/blog\/quelle-version-choisir-parmi-la-gamme-peugeot-508\/#breadcrumb","itemListElement":[{"@type":"ListItem","position":1,"name":"Accueil","item":"https:\/\/www.autojm.fr\/blog\/"},{"@type":"ListItem","position":2,"name":"Guides d'achat","item":"https:\/\/www.autojm.fr\/blog\/guide-dachat\/"},{"@type":"ListItem","position":3,"name":"Quelle version choisir parmi la gamme Peugeot 508 ? \u00a0"}]},{"@type":"WebSite","@id":"https:\/\/www.autojm.fr\/blog\/#website","url":"https:\/\/www.autojm.fr\/blog\/","name":"AutoJM Mag","description":"Toute l&#039;actu auto en 1 clic !","publisher":{"@id":"https:\/\/www.autojm.fr\/blog\/#organization"},"potentialAction":[{"@type":"SearchAction","target":{"@type":"EntryPoint","urlTemplate":"https:\/\/www.autojm.fr\/blog\/?s={search_term_string}"},"query-input":{"@type":"PropertyValueSpecification","valueRequired":true,"valueName":"search_term_string"}}],"inLanguage":"fr-FR"},{"@type":"Organization","@id":"https:\/\/www.autojm.fr\/blog\/#organization","name":"AutoJM Mag","url":"https:\/\/www.autojm.fr\/blog\/","logo":{"@type":"ImageObject","inLanguage":"fr-FR","@id":"https:\/\/www.autojm.fr\/blog\/#\/schema\/logo\/image\/","url":"https:\/\/www.autojm.fr\/blog\/wp-content\/uploads\/2022\/12\/cropped-AutoJMag-png.png","contentUrl":"https:\/\/www.autojm.fr\/blog\/wp-content\/uploads\/2022\/12\/cropped-AutoJMag-png.png","width":2834,"height":585,"caption":"AutoJM Mag"},"image":{"@id":"https:\/\/www.autojm.fr\/blog\/#\/schema\/logo\/image\/"},"sameAs":["https:\/\/www.facebook.com\/AutoJM25"]},{"@type":"Person","@id":"https:\/\/www.autojm.fr\/blog\/#\/schema\/person\/1cc83a91548d88a62eb8cf06f562a72c","name":"Justine Tripard","image":{"@type":"ImageObject","inLanguage":"fr-FR","@id":"https:\/\/secure.gravatar.com\/avatar\/b8b45209a4cf0b7b127b9238ec348090e7302306d2485eeaab17b6761fe84991?s=96&d=mm&r=g","url":"https:\/\/secure.gravatar.com\/avatar\/b8b45209a4cf0b7b127b9238ec348090e7302306d2485eeaab17b6761fe84991?s=96&d=mm&r=g","contentUrl":"https:\/\/secure.gravatar.com\/avatar\/b8b45209a4cf0b7b127b9238ec348090e7302306d2485eeaab17b6761fe84991?s=96&d=mm&r=g","caption":"Justine Tripard"},"url":"https:\/\/www.autojm.fr\/blog\/author\/justine\/"}]}},"_links":{"self":[{"href":"https:\/\/www.autojm.fr\/blog\/wp-json\/wp\/v2\/posts\/10100","targetHints":{"allow":["GET"]}}],"collection":[{"href":"https:\/\/www.autojm.fr\/blog\/wp-json\/wp\/v2\/posts"}],"about":[{"href":"https:\/\/www.autojm.fr\/blog\/wp-json\/wp\/v2\/types\/post"}],"author":[{"embeddable":true,"href":"https:\/\/www.autojm.fr\/blog\/wp-json\/wp\/v2\/users\/6"}],"replies":[{"embeddable":true,"href":"https:\/\/www.autojm.fr\/blog\/wp-json\/wp\/v2\/comments?post=10100"}],"version-history":[{"count":3,"href":"https:\/\/www.autojm.fr\/blog\/wp-json\/wp\/v2\/posts\/10100\/revisions"}],"predecessor-version":[{"id":10228,"href":"https:\/\/www.autojm.fr\/blog\/wp-json\/wp\/v2\/posts\/10100\/revisions\/10228"}],"wp:featuredmedia":[{"embeddable":true,"href":"https:\/\/www.autojm.fr\/blog\/wp-json\/wp\/v2\/media\/10102"}],"wp:attachment":[{"href":"https:\/\/www.autojm.fr\/blog\/wp-json\/wp\/v2\/media?parent=10100"}],"wp:term":[{"taxonomy":"category","embeddable":true,"href":"https:\/\/www.autojm.fr\/blog\/wp-json\/wp\/v2\/categories?post=10100"},{"taxonomy":"post_tag","embeddable":true,"href":"https:\/\/www.autojm.fr\/blog\/wp-json\/wp\/v2\/tags?post=10100"}],"curies":[{"name":"wp","href":"https:\/\/api.w.org\/{rel}","templated":true}]}}