{"id":10038,"date":"2023-05-19T09:41:39","date_gmt":"2023-05-19T09:41:39","guid":{"rendered":"https:\/\/www.autojm.fr\/blog\/?p=10038"},"modified":"2024-05-30T12:13:24","modified_gmt":"2024-05-30T12:13:24","slug":"electrique-vs-hydrogene-quelle-voiture-est-la-plus-ecologique","status":"publish","type":"post","link":"https:\/\/www.autojm.fr\/blog\/electrique-vs-hydrogene-quelle-voiture-est-la-plus-ecologique\/","title":{"rendered":"\u00c9lectrique vs hydrog\u00e8ne : quelle voiture est la plus \u00e9cologique ?\u00a0"},"content":{"rendered":"","protected":false},"excerpt":{"rendered":"<p>Alors que les v\u00e9hicules thermiques neufs seront interdits \u00e0 la vente dans l\u2019Union Europ\u00e9enne en 2035, la France ambitionne d\u2019atteindre la neutralit\u00e9 carbone d\u2019ici 2050 afin de respecter les Accords de Paris de la COP21. Cet objectif qui s\u2019inscrit dans le cadre de la transition \u00e9nerg\u00e9tique implique le recours aux nouvelles \u00e9nergies de la mobilit\u00e9 comme l\u2019\u00e9lectrique et l\u2019hydrog\u00e8ne qui poss\u00e8dent des propri\u00e9t\u00e9s diff\u00e9rentes. Passage en revue des caract\u00e9ristiques des deux types d\u2019\u00e9nergie au niveau \u00e9cologique.\u00a0\u00a0<\/p>\n","protected":false},"author":6,"featured_media":10040,"comment_status":"open","ping_status":"open","sticky":false,"template":"","format":"standard","meta":{"_acf_changed":false,"content-type":"","footnotes":""},"categories":[22],"tags":[90,85,74,105,109,259,106,108,107,73,78,174],"class_list":["post-10038","post","type-post","status-publish","format-standard","has-post-thumbnail","hentry","category-conseils-astuces","tag-autojm","tag-citroen-2","tag-dacia","tag-ds","tag-ford","tag-hyundai","tag-kia","tag-nissan","tag-opel","tag-peugeot","tag-renault","tag-seat"],"acf":[],"yoast_head":"<!-- This site is optimized with the Yoast SEO plugin v27.5 - https:\/\/yoast.com\/product\/yoast-seo-wordpress\/ -->\n<title>\u00c9lectrique vs hydrog\u00e8ne : quelle voiture est la plus \u00e9cologique ?\u00a0<\/title>\n<meta name=\"description\" content=\"Alors que les v\u00e9hicules thermiques neufs seront interdits \u00e0 la vente dans l\u2019Union Europ\u00e9enne en 2035, l&#039;\u00e9lectrique...\" \/>\n<meta name=\"robots\" content=\"index, follow, max-snippet:-1, max-image-preview:large, max-video-preview:-1\" \/>\n<link rel=\"canonical\" href=\"https:\/\/www.autojm.fr\/blog\/electrique-vs-hydrogene-quelle-voiture-est-la-plus-ecologique\/\" \/>\n<meta property=\"og:locale\" content=\"fr_FR\" \/>\n<meta property=\"og:type\" content=\"article\" \/>\n<meta property=\"og:title\" content=\"\u00c9lectrique vs hydrog\u00e8ne : quelle voiture est la plus \u00e9cologique ?\u00a0\" \/>\n<meta property=\"og:description\" content=\"Alors que les v\u00e9hicules thermiques neufs seront interdits \u00e0 la vente dans l\u2019Union Europ\u00e9enne en 2035, l&#039;\u00e9lectrique...\" \/>\n<meta property=\"og:url\" content=\"https:\/\/www.autojm.fr\/blog\/electrique-vs-hydrogene-quelle-voiture-est-la-plus-ecologique\/\" \/>\n<meta property=\"og:site_name\" content=\"AutoJM Mag\" \/>\n<meta property=\"article:publisher\" content=\"https:\/\/www.facebook.com\/AutoJM25\" \/>\n<meta property=\"article:published_time\" content=\"2023-05-19T09:41:39+00:00\" \/>\n<meta property=\"article:modified_time\" content=\"2024-05-30T12:13:24+00:00\" \/>\n<meta property=\"og:image\" content=\"https:\/\/www.autojm.fr\/blog\/wp-content\/uploads\/2023\/05\/Voiture-electrique-1.jpg\" \/>\n\t<meta property=\"og:image:width\" content=\"1000\" \/>\n\t<meta property=\"og:image:height\" content=\"500\" \/>\n\t<meta property=\"og:image:type\" content=\"image\/jpeg\" \/>\n<meta name=\"author\" content=\"Justine Tripard\" \/>\n<meta name=\"twitter:card\" content=\"summary_large_image\" \/>\n<meta name=\"twitter:label1\" content=\"\u00c9crit par\" \/>\n\t<meta name=\"twitter:data1\" content=\"Justine Tripard\" \/>\n\t<meta name=\"twitter:label2\" content=\"Dur\u00e9e de lecture estim\u00e9e\" \/>\n\t<meta name=\"twitter:data2\" content=\"4 minutes\" \/>\n<script type=\"application\/ld+json\" class=\"yoast-schema-graph\">{\"@context\":\"https:\\\/\\\/schema.org\",\"@graph\":[{\"@type\":\"Article\",\"@id\":\"https:\\\/\\\/www.autojm.fr\\\/blog\\\/electrique-vs-hydrogene-quelle-voiture-est-la-plus-ecologique\\\/#article\",\"isPartOf\":{\"@id\":\"https:\\\/\\\/www.autojm.fr\\\/blog\\\/electrique-vs-hydrogene-quelle-voiture-est-la-plus-ecologique\\\/\"},\"author\":{\"name\":\"Justine Tripard\",\"@id\":\"https:\\\/\\\/www.autojm.fr\\\/blog\\\/#\\\/schema\\\/person\\\/1cc83a91548d88a62eb8cf06f562a72c\"},\"headline\":\"\u00c9lectrique vs hydrog\u00e8ne : quelle voiture est la plus \u00e9cologique ?\u00a0\",\"datePublished\":\"2023-05-19T09:41:39+00:00\",\"dateModified\":\"2024-05-30T12:13:24+00:00\",\"mainEntityOfPage\":{\"@id\":\"https:\\\/\\\/www.autojm.fr\\\/blog\\\/electrique-vs-hydrogene-quelle-voiture-est-la-plus-ecologique\\\/\"},\"wordCount\":10,\"commentCount\":0,\"publisher\":{\"@id\":\"https:\\\/\\\/www.autojm.fr\\\/blog\\\/#organization\"},\"image\":{\"@id\":\"https:\\\/\\\/www.autojm.fr\\\/blog\\\/electrique-vs-hydrogene-quelle-voiture-est-la-plus-ecologique\\\/#primaryimage\"},\"thumbnailUrl\":\"https:\\\/\\\/www.autojm.fr\\\/blog\\\/wp-content\\\/uploads\\\/2023\\\/05\\\/Voiture-electrique-1.jpg\",\"keywords\":[\"autojm\",\"Citro\u00ebn\",\"dacia\",\"DS\",\"Ford\",\"Hyundai\",\"Kia\",\"Nissan\",\"Opel\",\"peugeot\",\"renault\",\"Seat\"],\"articleSection\":[\"Conseils &amp; Astuces\"],\"inLanguage\":\"fr-FR\",\"potentialAction\":[{\"@type\":\"CommentAction\",\"name\":\"Comment\",\"target\":[\"https:\\\/\\\/www.autojm.fr\\\/blog\\\/electrique-vs-hydrogene-quelle-voiture-est-la-plus-ecologique\\\/#respond\"]}]},{\"@type\":\"WebPage\",\"@id\":\"https:\\\/\\\/www.autojm.fr\\\/blog\\\/electrique-vs-hydrogene-quelle-voiture-est-la-plus-ecologique\\\/\",\"url\":\"https:\\\/\\\/www.autojm.fr\\\/blog\\\/electrique-vs-hydrogene-quelle-voiture-est-la-plus-ecologique\\\/\",\"name\":\"\u00c9lectrique vs hydrog\u00e8ne : quelle voiture est la plus \u00e9cologique ?\u00a0\",\"isPartOf\":{\"@id\":\"https:\\\/\\\/www.autojm.fr\\\/blog\\\/#website\"},\"primaryImageOfPage\":{\"@id\":\"https:\\\/\\\/www.autojm.fr\\\/blog\\\/electrique-vs-hydrogene-quelle-voiture-est-la-plus-ecologique\\\/#primaryimage\"},\"image\":{\"@id\":\"https:\\\/\\\/www.autojm.fr\\\/blog\\\/electrique-vs-hydrogene-quelle-voiture-est-la-plus-ecologique\\\/#primaryimage\"},\"thumbnailUrl\":\"https:\\\/\\\/www.autojm.fr\\\/blog\\\/wp-content\\\/uploads\\\/2023\\\/05\\\/Voiture-electrique-1.jpg\",\"datePublished\":\"2023-05-19T09:41:39+00:00\",\"dateModified\":\"2024-05-30T12:13:24+00:00\",\"description\":\"Alors que les v\u00e9hicules thermiques neufs seront interdits \u00e0 la vente dans l\u2019Union Europ\u00e9enne en 2035, l'\u00e9lectrique...\",\"breadcrumb\":{\"@id\":\"https:\\\/\\\/www.autojm.fr\\\/blog\\\/electrique-vs-hydrogene-quelle-voiture-est-la-plus-ecologique\\\/#breadcrumb\"},\"inLanguage\":\"fr-FR\",\"potentialAction\":[{\"@type\":\"ReadAction\",\"target\":[\"https:\\\/\\\/www.autojm.fr\\\/blog\\\/electrique-vs-hydrogene-quelle-voiture-est-la-plus-ecologique\\\/\"]}]},{\"@type\":\"ImageObject\",\"inLanguage\":\"fr-FR\",\"@id\":\"https:\\\/\\\/www.autojm.fr\\\/blog\\\/electrique-vs-hydrogene-quelle-voiture-est-la-plus-ecologique\\\/#primaryimage\",\"url\":\"https:\\\/\\\/www.autojm.fr\\\/blog\\\/wp-content\\\/uploads\\\/2023\\\/05\\\/Voiture-electrique-1.jpg\",\"contentUrl\":\"https:\\\/\\\/www.autojm.fr\\\/blog\\\/wp-content\\\/uploads\\\/2023\\\/05\\\/Voiture-electrique-1.jpg\",\"width\":1000,\"height\":500,\"caption\":\"\u00c9lectrique\"},{\"@type\":\"BreadcrumbList\",\"@id\":\"https:\\\/\\\/www.autojm.fr\\\/blog\\\/electrique-vs-hydrogene-quelle-voiture-est-la-plus-ecologique\\\/#breadcrumb\",\"itemListElement\":[{\"@type\":\"ListItem\",\"position\":1,\"name\":\"Accueil\",\"item\":\"https:\\\/\\\/www.autojm.fr\\\/blog\\\/\"},{\"@type\":\"ListItem\",\"position\":2,\"name\":\"Conseils &amp; Astuces\",\"item\":\"https:\\\/\\\/www.autojm.fr\\\/blog\\\/conseils-astuces\\\/\"},{\"@type\":\"ListItem\",\"position\":3,\"name\":\"\u00c9lectrique vs hydrog\u00e8ne : quelle voiture est la plus \u00e9cologique ?\u00a0\"}]},{\"@type\":\"WebSite\",\"@id\":\"https:\\\/\\\/www.autojm.fr\\\/blog\\\/#website\",\"url\":\"https:\\\/\\\/www.autojm.fr\\\/blog\\\/\",\"name\":\"AutoJM Mag\",\"description\":\"Toute l&#039;actu auto en 1 clic !\",\"publisher\":{\"@id\":\"https:\\\/\\\/www.autojm.fr\\\/blog\\\/#organization\"},\"potentialAction\":[{\"@type\":\"SearchAction\",\"target\":{\"@type\":\"EntryPoint\",\"urlTemplate\":\"https:\\\/\\\/www.autojm.fr\\\/blog\\\/?s={search_term_string}\"},\"query-input\":{\"@type\":\"PropertyValueSpecification\",\"valueRequired\":true,\"valueName\":\"search_term_string\"}}],\"inLanguage\":\"fr-FR\"},{\"@type\":\"Organization\",\"@id\":\"https:\\\/\\\/www.autojm.fr\\\/blog\\\/#organization\",\"name\":\"AutoJM Mag\",\"url\":\"https:\\\/\\\/www.autojm.fr\\\/blog\\\/\",\"logo\":{\"@type\":\"ImageObject\",\"inLanguage\":\"fr-FR\",\"@id\":\"https:\\\/\\\/www.autojm.fr\\\/blog\\\/#\\\/schema\\\/logo\\\/image\\\/\",\"url\":\"https:\\\/\\\/www.autojm.fr\\\/blog\\\/wp-content\\\/uploads\\\/2022\\\/12\\\/cropped-AutoJMag-png.png\",\"contentUrl\":\"https:\\\/\\\/www.autojm.fr\\\/blog\\\/wp-content\\\/uploads\\\/2022\\\/12\\\/cropped-AutoJMag-png.png\",\"width\":2834,\"height\":585,\"caption\":\"AutoJM Mag\"},\"image\":{\"@id\":\"https:\\\/\\\/www.autojm.fr\\\/blog\\\/#\\\/schema\\\/logo\\\/image\\\/\"},\"sameAs\":[\"https:\\\/\\\/www.facebook.com\\\/AutoJM25\"]},{\"@type\":\"Person\",\"@id\":\"https:\\\/\\\/www.autojm.fr\\\/blog\\\/#\\\/schema\\\/person\\\/1cc83a91548d88a62eb8cf06f562a72c\",\"name\":\"Justine Tripard\",\"image\":{\"@type\":\"ImageObject\",\"inLanguage\":\"fr-FR\",\"@id\":\"https:\\\/\\\/secure.gravatar.com\\\/avatar\\\/b8b45209a4cf0b7b127b9238ec348090e7302306d2485eeaab17b6761fe84991?s=96&d=mm&r=g\",\"url\":\"https:\\\/\\\/secure.gravatar.com\\\/avatar\\\/b8b45209a4cf0b7b127b9238ec348090e7302306d2485eeaab17b6761fe84991?s=96&d=mm&r=g\",\"contentUrl\":\"https:\\\/\\\/secure.gravatar.com\\\/avatar\\\/b8b45209a4cf0b7b127b9238ec348090e7302306d2485eeaab17b6761fe84991?s=96&d=mm&r=g\",\"caption\":\"Justine Tripard\"},\"url\":\"https:\\\/\\\/www.autojm.fr\\\/blog\\\/author\\\/justine\\\/\"}]}<\/script>\n<!-- \/ Yoast SEO plugin. -->","yoast_head_json":{"title":"\u00c9lectrique vs hydrog\u00e8ne : quelle voiture est la plus \u00e9cologique ?\u00a0","description":"Alors que les v\u00e9hicules thermiques neufs seront interdits \u00e0 la vente dans l\u2019Union Europ\u00e9enne en 2035, l'\u00e9lectrique...","robots":{"index":"index","follow":"follow","max-snippet":"max-snippet:-1","max-image-preview":"max-image-preview:large","max-video-preview":"max-video-preview:-1"},"canonical":"https:\/\/www.autojm.fr\/blog\/electrique-vs-hydrogene-quelle-voiture-est-la-plus-ecologique\/","og_locale":"fr_FR","og_type":"article","og_title":"\u00c9lectrique vs hydrog\u00e8ne : quelle voiture est la plus \u00e9cologique ?\u00a0","og_description":"Alors que les v\u00e9hicules thermiques neufs seront interdits \u00e0 la vente dans l\u2019Union Europ\u00e9enne en 2035, l'\u00e9lectrique...","og_url":"https:\/\/www.autojm.fr\/blog\/electrique-vs-hydrogene-quelle-voiture-est-la-plus-ecologique\/","og_site_name":"AutoJM Mag","article_publisher":"https:\/\/www.facebook.com\/AutoJM25","article_published_time":"2023-05-19T09:41:39+00:00","article_modified_time":"2024-05-30T12:13:24+00:00","og_image":[{"width":1000,"height":500,"url":"https:\/\/www.autojm.fr\/blog\/wp-content\/uploads\/2023\/05\/Voiture-electrique-1.jpg","type":"image\/jpeg"}],"author":"Justine Tripard","twitter_card":"summary_large_image","twitter_misc":{"\u00c9crit par":"Justine Tripard","Dur\u00e9e de lecture estim\u00e9e":"4 minutes"},"schema":{"@context":"https:\/\/schema.org","@graph":[{"@type":"Article","@id":"https:\/\/www.autojm.fr\/blog\/electrique-vs-hydrogene-quelle-voiture-est-la-plus-ecologique\/#article","isPartOf":{"@id":"https:\/\/www.autojm.fr\/blog\/electrique-vs-hydrogene-quelle-voiture-est-la-plus-ecologique\/"},"author":{"name":"Justine Tripard","@id":"https:\/\/www.autojm.fr\/blog\/#\/schema\/person\/1cc83a91548d88a62eb8cf06f562a72c"},"headline":"\u00c9lectrique vs hydrog\u00e8ne : quelle voiture est la plus \u00e9cologique ?\u00a0","datePublished":"2023-05-19T09:41:39+00:00","dateModified":"2024-05-30T12:13:24+00:00","mainEntityOfPage":{"@id":"https:\/\/www.autojm.fr\/blog\/electrique-vs-hydrogene-quelle-voiture-est-la-plus-ecologique\/"},"wordCount":10,"commentCount":0,"publisher":{"@id":"https:\/\/www.autojm.fr\/blog\/#organization"},"image":{"@id":"https:\/\/www.autojm.fr\/blog\/electrique-vs-hydrogene-quelle-voiture-est-la-plus-ecologique\/#primaryimage"},"thumbnailUrl":"https:\/\/www.autojm.fr\/blog\/wp-content\/uploads\/2023\/05\/Voiture-electrique-1.jpg","keywords":["autojm","Citro\u00ebn","dacia","DS","Ford","Hyundai","Kia","Nissan","Opel","peugeot","renault","Seat"],"articleSection":["Conseils &amp; Astuces"],"inLanguage":"fr-FR","potentialAction":[{"@type":"CommentAction","name":"Comment","target":["https:\/\/www.autojm.fr\/blog\/electrique-vs-hydrogene-quelle-voiture-est-la-plus-ecologique\/#respond"]}]},{"@type":"WebPage","@id":"https:\/\/www.autojm.fr\/blog\/electrique-vs-hydrogene-quelle-voiture-est-la-plus-ecologique\/","url":"https:\/\/www.autojm.fr\/blog\/electrique-vs-hydrogene-quelle-voiture-est-la-plus-ecologique\/","name":"\u00c9lectrique vs hydrog\u00e8ne : quelle voiture est la plus \u00e9cologique ?\u00a0","isPartOf":{"@id":"https:\/\/www.autojm.fr\/blog\/#website"},"primaryImageOfPage":{"@id":"https:\/\/www.autojm.fr\/blog\/electrique-vs-hydrogene-quelle-voiture-est-la-plus-ecologique\/#primaryimage"},"image":{"@id":"https:\/\/www.autojm.fr\/blog\/electrique-vs-hydrogene-quelle-voiture-est-la-plus-ecologique\/#primaryimage"},"thumbnailUrl":"https:\/\/www.autojm.fr\/blog\/wp-content\/uploads\/2023\/05\/Voiture-electrique-1.jpg","datePublished":"2023-05-19T09:41:39+00:00","dateModified":"2024-05-30T12:13:24+00:00","description":"Alors que les v\u00e9hicules thermiques neufs seront interdits \u00e0 la vente dans l\u2019Union Europ\u00e9enne en 2035, l'\u00e9lectrique...","breadcrumb":{"@id":"https:\/\/www.autojm.fr\/blog\/electrique-vs-hydrogene-quelle-voiture-est-la-plus-ecologique\/#breadcrumb"},"inLanguage":"fr-FR","potentialAction":[{"@type":"ReadAction","target":["https:\/\/www.autojm.fr\/blog\/electrique-vs-hydrogene-quelle-voiture-est-la-plus-ecologique\/"]}]},{"@type":"ImageObject","inLanguage":"fr-FR","@id":"https:\/\/www.autojm.fr\/blog\/electrique-vs-hydrogene-quelle-voiture-est-la-plus-ecologique\/#primaryimage","url":"https:\/\/www.autojm.fr\/blog\/wp-content\/uploads\/2023\/05\/Voiture-electrique-1.jpg","contentUrl":"https:\/\/www.autojm.fr\/blog\/wp-content\/uploads\/2023\/05\/Voiture-electrique-1.jpg","width":1000,"height":500,"caption":"\u00c9lectrique"},{"@type":"BreadcrumbList","@id":"https:\/\/www.autojm.fr\/blog\/electrique-vs-hydrogene-quelle-voiture-est-la-plus-ecologique\/#breadcrumb","itemListElement":[{"@type":"ListItem","position":1,"name":"Accueil","item":"https:\/\/www.autojm.fr\/blog\/"},{"@type":"ListItem","position":2,"name":"Conseils &amp; Astuces","item":"https:\/\/www.autojm.fr\/blog\/conseils-astuces\/"},{"@type":"ListItem","position":3,"name":"\u00c9lectrique vs hydrog\u00e8ne : quelle voiture est la plus \u00e9cologique ?\u00a0"}]},{"@type":"WebSite","@id":"https:\/\/www.autojm.fr\/blog\/#website","url":"https:\/\/www.autojm.fr\/blog\/","name":"AutoJM Mag","description":"Toute l&#039;actu auto en 1 clic !","publisher":{"@id":"https:\/\/www.autojm.fr\/blog\/#organization"},"potentialAction":[{"@type":"SearchAction","target":{"@type":"EntryPoint","urlTemplate":"https:\/\/www.autojm.fr\/blog\/?s={search_term_string}"},"query-input":{"@type":"PropertyValueSpecification","valueRequired":true,"valueName":"search_term_string"}}],"inLanguage":"fr-FR"},{"@type":"Organization","@id":"https:\/\/www.autojm.fr\/blog\/#organization","name":"AutoJM Mag","url":"https:\/\/www.autojm.fr\/blog\/","logo":{"@type":"ImageObject","inLanguage":"fr-FR","@id":"https:\/\/www.autojm.fr\/blog\/#\/schema\/logo\/image\/","url":"https:\/\/www.autojm.fr\/blog\/wp-content\/uploads\/2022\/12\/cropped-AutoJMag-png.png","contentUrl":"https:\/\/www.autojm.fr\/blog\/wp-content\/uploads\/2022\/12\/cropped-AutoJMag-png.png","width":2834,"height":585,"caption":"AutoJM Mag"},"image":{"@id":"https:\/\/www.autojm.fr\/blog\/#\/schema\/logo\/image\/"},"sameAs":["https:\/\/www.facebook.com\/AutoJM25"]},{"@type":"Person","@id":"https:\/\/www.autojm.fr\/blog\/#\/schema\/person\/1cc83a91548d88a62eb8cf06f562a72c","name":"Justine Tripard","image":{"@type":"ImageObject","inLanguage":"fr-FR","@id":"https:\/\/secure.gravatar.com\/avatar\/b8b45209a4cf0b7b127b9238ec348090e7302306d2485eeaab17b6761fe84991?s=96&d=mm&r=g","url":"https:\/\/secure.gravatar.com\/avatar\/b8b45209a4cf0b7b127b9238ec348090e7302306d2485eeaab17b6761fe84991?s=96&d=mm&r=g","contentUrl":"https:\/\/secure.gravatar.com\/avatar\/b8b45209a4cf0b7b127b9238ec348090e7302306d2485eeaab17b6761fe84991?s=96&d=mm&r=g","caption":"Justine Tripard"},"url":"https:\/\/www.autojm.fr\/blog\/author\/justine\/"}]}},"_links":{"self":[{"href":"https:\/\/www.autojm.fr\/blog\/wp-json\/wp\/v2\/posts\/10038","targetHints":{"allow":["GET"]}}],"collection":[{"href":"https:\/\/www.autojm.fr\/blog\/wp-json\/wp\/v2\/posts"}],"about":[{"href":"https:\/\/www.autojm.fr\/blog\/wp-json\/wp\/v2\/types\/post"}],"author":[{"embeddable":true,"href":"https:\/\/www.autojm.fr\/blog\/wp-json\/wp\/v2\/users\/6"}],"replies":[{"embeddable":true,"href":"https:\/\/www.autojm.fr\/blog\/wp-json\/wp\/v2\/comments?post=10038"}],"version-history":[{"count":6,"href":"https:\/\/www.autojm.fr\/blog\/wp-json\/wp\/v2\/posts\/10038\/revisions"}],"predecessor-version":[{"id":17331,"href":"https:\/\/www.autojm.fr\/blog\/wp-json\/wp\/v2\/posts\/10038\/revisions\/17331"}],"wp:featuredmedia":[{"embeddable":true,"href":"https:\/\/www.autojm.fr\/blog\/wp-json\/wp\/v2\/media\/10040"}],"wp:attachment":[{"href":"https:\/\/www.autojm.fr\/blog\/wp-json\/wp\/v2\/media?parent=10038"}],"wp:term":[{"taxonomy":"category","embeddable":true,"href":"https:\/\/www.autojm.fr\/blog\/wp-json\/wp\/v2\/categories?post=10038"},{"taxonomy":"post_tag","embeddable":true,"href":"https:\/\/www.autojm.fr\/blog\/wp-json\/wp\/v2\/tags?post=10038"}],"curies":[{"name":"wp","href":"https:\/\/api.w.org\/{rel}","templated":true}]}}